{"id":1299,"date":"2021-03-26T15:35:43","date_gmt":"2021-03-26T19:35:43","guid":{"rendered":"https:\/\/wiac740.com\/?p=1299"},"modified":"2021-03-26T15:35:43","modified_gmt":"2021-03-26T19:35:43","slug":"buscan-fiscalizar-politicas-de-manejo-de-desperdicios-solidos","status":"publish","type":"post","link":"https:\/\/wiac740.com\/index.php\/2021\/03\/26\/buscan-fiscalizar-politicas-de-manejo-de-desperdicios-solidos\/","title":{"rendered":"BUSCAN FISCALIZAR POL\u00cdTICAS DE MANEJO DE DESPERDICIOS S\u00d3LIDOS"},"content":{"rendered":"<p><strong>EL CAPITOLIO &#8211;<\/strong>\u00a0En momentos en que la isla enfrenta una crisis con la disposici\u00f3n adecuada de servicios s\u00f3lidos, y coincidiendo con la celebraci\u00f3n del D\u00eda Mundial del Clima, los representantes Jos\u00e9 Bernardo M\u00e1rquez y Mariana Nogales Molinelli presentaron una resoluci\u00f3n que procura \u00a0fiscalizar el cumplimiento del gobierno estatal y los municipios con la \u201cLey para la Reducci\u00f3n y Reciclaje de Desperdicios S\u00f3lidos en Puerto Rico\u201d. \u201cAl igual que el resto del planeta, Puerto Rico enfrenta una crisis clim\u00e1tica que con m\u00faltiples causas y consecuencias. Muchos ciudadanos y ciudadanas, as\u00ed como grupos c\u00edvicos, han reclamado medidas de reciclaje m\u00e1s contundentes y efectivas. La Ley para la Reducci\u00f3n y Reciclaje de Desperdicios S\u00f3lidos fue aprobada en 1992 pero sus objetivos no se han alcanzado y muchas de sus disposiciones se est\u00e1n incumpliendo. Urge evaluar el estado de situaci\u00f3n de los programas de reciclaje y tomar medidas de vanguardia\u201d afirm\u00f3 Jos\u00e9 Bernardo M\u00e1rquez.<\/p>\n<p>&nbsp;<\/p>\n<p>Por su parte la portavoz de Victoria Ciudadana y coautora de la medida, Mariana Nogales Molinelli, indic\u00f3 que en Puerto Rico se exporta sobre el 90% del material reciclable, pero restricciones muy estrictas impuestas por China (principal importador), han limitado significativamente el tipo de material que se puede enviar. \u201cEl mayor importador de material reciclable es China, pero actualmente ese pa\u00eds nos requiere que los residuos est\u00e9n limpios en un 99.5% para acept\u00e1rnoslo. Las restricciones est\u00e1n vinculadas a los est\u00e1ndares de limpieza requeridos y, por dicha raz\u00f3n, hemos experimentado dificultades. Sin embargo, aunque estamos obligados a atender el reciclaje, no podemos olvidar el precepto de la reducci\u00f3n: reducci\u00f3n en nuestros patrones de consumo y reducci\u00f3n en los empaques, adem\u00e1s de la responsabilidad de las compa\u00f1\u00edas que lo producen. Todos los esfuerzos deben estar dirigidos a que el material no llegue a los vertederos y mucho menos aquel que es completamente recuperable. Ya la Tierra nos est\u00e1 pasando factura y tenemos que asumir nuestra responsabilidad\u201d, expres\u00f3 la legisladora.<\/p>\n<p>&nbsp;<\/p>\n<p>La resoluci\u00f3n de la C\u00e1mara 343 tambi\u00e9n busca investigar y traer a la discusi\u00f3n legislativa qu\u00e9 se est\u00e1 haciendo en otros pa\u00edses y qu\u00e9 industrias se deben fomentar en PR, con el fin de cumplir con los objetivos de pol\u00edtica p\u00fablica fijados en la ley Reducci\u00f3n y Reciclaje de Desperdicios S\u00f3lidos. Por esa raz\u00f3n, la resoluci\u00f3n menciona las iniciativas de ciudades como San Francisco y pa\u00edses como Corea del Sur, en donde se ha logrado aumentar significativamente la cantidad de desperdicios s\u00f3lidos que reciclan.<\/p>\n<p>&nbsp;<\/p>\n<p>&nbsp;<\/p>\n<p>Al radicar la pieza legislativa, ambos representantes enviaron una carta al Presidente de la C\u00e1mara, Rafael Hern\u00e1ndez Monta\u00f1ez, en la que lo invitan a ejecutar una pol\u00edtica administrativa que promueva la disminuci\u00f3n de desperdicios s\u00f3lidos en la C\u00e1mara. Adem\u00e1s, suscribieron un <em>Compromiso de Acci\u00f3n Clim\u00e1tica<\/em> promovido por el Sierra Club y otros grupos ambientales, a los efectos de desarrollar y apoyar legislaci\u00f3n integral para desacelerar y mitigar la crisis clim\u00e1tica.<\/p>\n","protected":false},"excerpt":{"rendered":"<p>EL CAPITOLIO &#8211;\u00a0En momentos en que la isla enfrenta una crisis con la disposici\u00f3n adecuada de servicios s\u00f3lidos, y coincidiendo con la celebraci\u00f3n del D\u00eda Mundial del Clima, los representantes Jos\u00e9 Bernardo M\u00e1rquez y Mariana Nogales Molinelli presentaron una resoluci\u00f3n que procura \u00a0fiscalizar el cumplimiento del gobierno estatal y los municipios con la \u201cLey para [&hellip;]<\/p>\n","protected":false},"author":5,"featured_media":1300,"comment_status":"open","ping_status":"open","sticky":false,"template":"","format":"standard","meta":{"footnotes":""},"categories":[32,2,9],"tags":[],"class_list":{"0":"post-1299","1":"post","2":"type-post","3":"status-publish","4":"format-standard","5":"has-post-thumbnail","7":"category-ambiente","8":"category-featured","9":"category-gobierno"},"aioseo_notices":[],"_links":{"self":[{"href":"https:\/\/wiac740.com\/index.php\/wp-json\/wp\/v2\/posts\/1299","targetHints":{"allow":["GET"]}}],"collection":[{"href":"https:\/\/wiac740.com\/index.php\/wp-json\/wp\/v2\/posts"}],"about":[{"href":"https:\/\/wiac740.com\/index.php\/wp-json\/wp\/v2\/types\/post"}],"author":[{"embeddable":true,"href":"https:\/\/wiac740.com\/index.php\/wp-json\/wp\/v2\/users\/5"}],"replies":[{"embeddable":true,"href":"https:\/\/wiac740.com\/index.php\/wp-json\/wp\/v2\/comments?post=1299"}],"version-history":[{"count":0,"href":"https:\/\/wiac740.com\/index.php\/wp-json\/wp\/v2\/posts\/1299\/revisions"}],"wp:featuredmedia":[{"embeddable":true,"href":"https:\/\/wiac740.com\/index.php\/wp-json\/wp\/v2\/media\/1300"}],"wp:attachment":[{"href":"https:\/\/wiac740.com\/index.php\/wp-json\/wp\/v2\/media?parent=1299"}],"wp:term":[{"taxonomy":"category","embeddable":true,"href":"https:\/\/wiac740.com\/index.php\/wp-json\/wp\/v2\/categories?post=1299"},{"taxonomy":"post_tag","embeddable":true,"href":"https:\/\/wiac740.com\/index.php\/wp-json\/wp\/v2\/tags?post=1299"}],"curies":[{"name":"wp","href":"https:\/\/api.w.org\/{rel}","templated":true}]}}