{"id":1336,"date":"2021-03-30T15:45:23","date_gmt":"2021-03-30T19:45:23","guid":{"rendered":"https:\/\/wiac740.com\/?p=1336"},"modified":"2021-03-30T16:44:43","modified_gmt":"2021-03-30T20:44:43","slug":"vivienda-promueve-la-capacitacion-laboral-mediante-los-fondos-cdbg-dr","status":"publish","type":"post","link":"https:\/\/wiac740.com\/index.php\/2021\/03\/30\/vivienda-promueve-la-capacitacion-laboral-mediante-los-fondos-cdbg-dr\/","title":{"rendered":"VIVIENDA PROMUEVE LA CAPACITACI\u00d3N LABORAL MEDIANTE LOS FONDOS CDBG-DR"},"content":{"rendered":"<p><strong>HUMACAO<\/strong>\u00a0\u2013 El secretario del Departamento de la Vivienda (DV), William Rodr\u00edguez Rodr\u00edguez, firm\u00f3 hoy seis acuerdos de subrecipientes que permiten el acceso a cerca de $20 millones a diferentes organizaciones mediante el programa de Capacitaci\u00f3n Laboral (WFT, por sus siglas en ingl\u00e9s) de CDBG-DR.<\/p>\n<p>&nbsp;<\/p>\n<p>Las primeras organizaciones en recibir la subvenci\u00f3n son el Programa de Educaci\u00f3n Comunal de Entrega y Servicios, INC (P.E.C.E.S); la YMCA San Juan; el Municipio de Yabucoa; Dewey University; Boys and Girls Club of Puerto Rico; y PathStone Corporation.<\/p>\n<p>&nbsp;<\/p>\n<p>\u201cEl programa de Capacitaci\u00f3n Laboral nos permite preparar a los residentes de Puerto Rico con las destrezas necesarias para conseguir un empleo en industrias que impulsen la econom\u00eda de la Isla durante la pr\u00f3xima d\u00e9cada. Con estos acuerdos, continuamos cumpliendo nuestra encomienda de acelerar el desembolso de los fondos para lograr, mediante la capacitaci\u00f3n, la reconstrucci\u00f3n y la mano de obra tan necesaria\u201d, detall\u00f3 el secretario.<\/p>\n<p>&nbsp;<\/p>\n<p>El financiamiento del programa, que cuenta con un presupuesto de $90 millones, apoyar\u00e1 la creaci\u00f3n de programas de capacitaci\u00f3n laboral en toda la Isla mediante una subvenci\u00f3n de recuperaci\u00f3n de hasta un m\u00e1ximo de $5 millones.<\/p>\n<p>&nbsp;<\/p>\n<p>Rodr\u00edguez Rodr\u00edguez afirm\u00f3 adem\u00e1s que \u201ceste programa busca involucrar a las industrias de construcci\u00f3n y campos relacionados, turismo y hospitalidad, tecnolog\u00eda, agricultura y construcci\u00f3n naval, entre otras ya que actualmente tienen o tendr\u00e1n programas de capacitaci\u00f3n que son parte del crecimiento de la econom\u00eda de Puerto Rico\u201d.<\/p>\n<p>&nbsp;<\/p>\n<p>La firma de los primeros seis acuerdos se llev\u00f3 a cabo en las instalaciones de P.E.C.E.S.,Inc.<\/p>\n<p>&nbsp;<\/p>\n<p>Precisamente, el presidente y principal oficial ejecutivo de esta organizaci\u00f3n, Jos\u00e9 J. Oquendo Cruz, expres\u00f3 que \u201cen las organizaciones de base comunitaria como P.E.C.E.S., estamos listos para ser parte de un proceso de recuperaci\u00f3n justa que permita integrar los mejores recursos desde nuestras comunidades para que el desarrollo socioecon\u00f3mico que Puerto Rico anhela sea sobre las bases de la justicia y la solidaridad\u201d.<\/p>\n<p>&nbsp;<\/p>\n<p>Asimismo, Oquendo Cruz coment\u00f3 que \u201ca trav\u00e9s de estos fondos de recuperaci\u00f3n, se nos ofrece la oportunidad de aportar al mejoramiento de la calidad de vida y fomentar un Pa\u00eds posible con mano de obra capacitada, emprendedora y con una visi\u00f3n de esperanza y superaci\u00f3n. Gracias al Departamento de la Vivienda y el Gobierno de Puerto Rico por permitirnos aportar al desarrollo de nuestro amado Puerto Rico\u201d.<\/p>\n<p>&nbsp;<\/p>\n<p>Por su parte, la directora ejecutiva de la YMCA San Juan, Mabel Rom\u00e1n Padr\u00f3n, inform\u00f3 que \u201cnos sentimos muy orgullosos de participar del programa de Capacitaci\u00f3n Laboral y promover la creaci\u00f3n de emprendimientos socialmente responsables. Ratificamos nuestro compromiso de trabajar en alianza con el gobierno, organizaciones privadas y las comunidades para apoyar el desarrollo sustentable de Puerto Rico\u201d.<\/p>\n<p><img loading=\"lazy\" decoding=\"async\" class=\"alignnone wp-image-1337 size-full\" src=\"https:\/\/wiac740.com\/wp-content\/uploads\/2021\/03\/photo_2021-03-30_12-29-39444.jpg\" alt=\"\" width=\"1280\" height=\"853\" srcset=\"https:\/\/wiac740.com\/wp-content\/uploads\/2021\/03\/photo_2021-03-30_12-29-39444.jpg 1280w, https:\/\/wiac740.com\/wp-content\/uploads\/2021\/03\/photo_2021-03-30_12-29-39444-300x200.jpg 300w, https:\/\/wiac740.com\/wp-content\/uploads\/2021\/03\/photo_2021-03-30_12-29-39444-1024x682.jpg 1024w, https:\/\/wiac740.com\/wp-content\/uploads\/2021\/03\/photo_2021-03-30_12-29-39444-768x512.jpg 768w, https:\/\/wiac740.com\/wp-content\/uploads\/2021\/03\/photo_2021-03-30_12-29-39444-696x464.jpg 696w, https:\/\/wiac740.com\/wp-content\/uploads\/2021\/03\/photo_2021-03-30_12-29-39444-1068x712.jpg 1068w, https:\/\/wiac740.com\/wp-content\/uploads\/2021\/03\/photo_2021-03-30_12-29-39444-630x420.jpg 630w\" sizes=\"auto, (max-width: 1280px) 100vw, 1280px\" \/><\/p>\n<p>Rom\u00e1n Pab\u00f3n a\u00f1adi\u00f3 que \u201cestos fondos ser\u00e1n invertidos en el desarrollo y capacitaci\u00f3n empresarial con enfoque en deportes y recreaci\u00f3n, actividades recreativas de naturaleza, energ\u00eda renovable y agroecolog\u00eda a 80 residentes de comunidades de escasos recursos de los municipios de R\u00edo Grande y Luquillo\u201d.<\/p>\n<p>&nbsp;<\/p>\n<p>Las entidades elegibles son asociaciones profesionales y comerciales, organizaciones de desarrollo con base comunitaria, gobiernos municipales, instituciones o universidades p\u00fablicas, agencias o departamentos administrativos del Gobierno de Puerto Rico (agencias estatales) y entidades con fines de lucro autorizadas bajo 24 C.F.R.\u00a7 570.201(o).<\/p>\n<p>&nbsp;<\/p>\n<p>Otro de los recipientes de esta subvenci\u00f3n fue el municipio de Yabucoa. El alcalde, Rafael Surillo Ruiz puntualiz\u00f3 que \u201cen el Municipio de Yabucoa hemos decidido utilizar estos fondos del programa de Capacitaci\u00f3n Laboral para el establecimiento de un Colegio T\u00e9cnico que prepare a nuestros j\u00f3venes yabucoe\u00f1os y residentes en pueblos lim\u00edtrofes en oficios de alta demanda como la soldadura, electricidad, turismo y hospitalidad, construcci\u00f3n, servicio al cliente, entre otros, los cuales servir\u00e1n de incubadora de nuevos talentos quienes contribuir\u00e1n, desde sus respectivas especialidades, a la reconstrucci\u00f3n de nuestro pueblo de Yabucoa y de nuestro Puerto Rico\u201d.<\/p>\n<p>&nbsp;<\/p>\n<p>Por otro lado, la presidenta de Boys &amp; Girls Clubs de Puerto Rico, Olga Ramos Carrasquillo, expres\u00f3 que \u201cel programa de formaci\u00f3n de la fuerza laboral que hemos titulado EMPowe, es una expansi\u00f3n del proyecto de empleabilidad que Boys &amp; Girls Clubs de Puerto Rico inici\u00f3 en 2018 como parte del enfoque de dos generaciones que implement\u00f3 Vimenti para reducir la pobreza sistem\u00e1tica a trav\u00e9s de tres \u00e1reas program\u00e1ticas: educativa, social y econ\u00f3mica\u201d.<\/p>\n<p>&nbsp;<\/p>\n<p>Ramos Carrasquillo a\u00f1adi\u00f3 que \u201cel programa ha sido uno exitoso que empez\u00f3 impactando a los padres de los estudiantes de Vimenti School, ubicado en el Residencial Ernesto Ramos Antonini, y en el que \u2013a un a\u00f1o de implementado- redujo el desempleo de un 42% a un 16%\u201d.<\/p>\n<p>&nbsp;<\/p>\n<p>El presidente de Dewey University, Carlos A. Qui\u00f1ones, manifest\u00f3 que \u201cuno de los mayores retos que enfrenta Puerto Rico es el desarrollo de una econom\u00eda productiva, robusta y bien enfocada. Las decisiones a ser tomadas son tanto urgentes, como complejas. La funci\u00f3n de las Universidades en este proceso es crucial. Formar la nueva fuerza laboral que reclama el pa\u00eds, requiere un firme anclaje en las nuevas realidades tecnol\u00f3gicas, sociales y econ\u00f3micas. Una fuerza laboral que enfrenta la imperiosa realidad de tener que exhibir nuevas y m\u00e1s complejas competencias. Esa es la tarea que de nosotros se espera y que debemos cumplir a cabalidad y diligentemente\u201d.<\/p>\n<p>&nbsp;<\/p>\n<p>Por \u00faltimo, el vicepresidente de Servicios Directos de PathStone Corporation, Jeffrey D. Lewis, expres\u00f3 que \u201cestamos encantados de unirnos en asociaci\u00f3n con el Gobierno y los alcaldes quienes son vitales en la entrega y el \u00e9xito de nuestros esfuerzos.\u00a0 Mediante estos fondos, proveeremos a m\u00e1s de 1,000 personas de bajos ingresos la oportunidad de obtener habilidades ocupacionales y credenciales reconocidas por la industria en la que ser\u00e1n capacitados y as\u00ed poder entrar y retener empleo en los campos profesionales deseados\u201d.<\/p>\n<p>&nbsp;<\/p>\n<p>De igual forma, Lewis concluy\u00f3 que \u201clos resultados a largo plazo incluyen una mayor empleabilidad, ingresos de por vida y autosostenibilidad, factores econ\u00f3micamente significativos para estas personas y sus familias, as\u00ed como para sus empleadores y comunidades\u201d.<\/p>\n","protected":false},"excerpt":{"rendered":"<p>HUMACAO\u00a0\u2013 El secretario del Departamento de la Vivienda (DV), William Rodr\u00edguez Rodr\u00edguez, firm\u00f3 hoy seis acuerdos de subrecipientes que permiten el acceso a cerca de $20 millones a diferentes organizaciones mediante el programa de Capacitaci\u00f3n Laboral (WFT, por sus siglas en ingl\u00e9s) de CDBG-DR. &nbsp; Las primeras organizaciones en recibir la subvenci\u00f3n son el Programa [&hellip;]<\/p>\n","protected":false},"author":5,"featured_media":1338,"comment_status":"open","ping_status":"open","sticky":false,"template":"","format":"standard","meta":{"footnotes":""},"categories":[2,34],"tags":[],"class_list":{"0":"post-1336","1":"post","2":"type-post","3":"status-publish","4":"format-standard","5":"has-post-thumbnail","7":"category-featured","8":"category-vivienda"},"aioseo_notices":[],"_links":{"self":[{"href":"https:\/\/wiac740.com\/index.php\/wp-json\/wp\/v2\/posts\/1336","targetHints":{"allow":["GET"]}}],"collection":[{"href":"https:\/\/wiac740.com\/index.php\/wp-json\/wp\/v2\/posts"}],"about":[{"href":"https:\/\/wiac740.com\/index.php\/wp-json\/wp\/v2\/types\/post"}],"author":[{"embeddable":true,"href":"https:\/\/wiac740.com\/index.php\/wp-json\/wp\/v2\/users\/5"}],"replies":[{"embeddable":true,"href":"https:\/\/wiac740.com\/index.php\/wp-json\/wp\/v2\/comments?post=1336"}],"version-history":[{"count":0,"href":"https:\/\/wiac740.com\/index.php\/wp-json\/wp\/v2\/posts\/1336\/revisions"}],"wp:featuredmedia":[{"embeddable":true,"href":"https:\/\/wiac740.com\/index.php\/wp-json\/wp\/v2\/media\/1338"}],"wp:attachment":[{"href":"https:\/\/wiac740.com\/index.php\/wp-json\/wp\/v2\/media?parent=1336"}],"wp:term":[{"taxonomy":"category","embeddable":true,"href":"https:\/\/wiac740.com\/index.php\/wp-json\/wp\/v2\/categories?post=1336"},{"taxonomy":"post_tag","embeddable":true,"href":"https:\/\/wiac740.com\/index.php\/wp-json\/wp\/v2\/tags?post=1336"}],"curies":[{"name":"wp","href":"https:\/\/api.w.org\/{rel}","templated":true}]}}