{"id":1372,"date":"2021-04-04T14:34:23","date_gmt":"2021-04-04T18:34:23","guid":{"rendered":"https:\/\/wiac740.com\/?p=1372"},"modified":"2021-04-04T14:34:23","modified_gmt":"2021-04-04T18:34:23","slug":"buscan-extender-a-la-isla-el-credito-federal-por-trabajo","status":"publish","type":"post","link":"https:\/\/wiac740.com\/index.php\/2021\/04\/04\/buscan-extender-a-la-isla-el-credito-federal-por-trabajo\/","title":{"rendered":"BUSCAN EXTENDER A LA ISLA EL CR\u00c9DITO FEDERAL POR TRABAJO"},"content":{"rendered":"<p>El gobernador Pedro R. Pierluisi anunci\u00f3 que estar\u00e1 radicando una medida de Administraci\u00f3n para extender a los puertorrique\u00f1os las disposiciones del Cr\u00e9dito por Trabajo disponibles en el C\u00f3digo de Rentas Internas Federal. Con esto se lograr\u00e1 equiparar el beneficio estatal con el federal a los ciudadanos americanos que viven en la Isla.<\/p>\n<p>&nbsp;<\/p>\n<p>Esta medida, para aumentar el programa de Cr\u00e9dito por Trabajo del gobierno de Puerto Rico con fondos federales, tendr\u00e1 el efecto de incentivar el trabajo y proveer un alivio a la clase trabajadora. El gobernador reiter\u00f3 su agradecimiento a la administraci\u00f3n del presidente Biden y al Congreso por la aprobaci\u00f3n del Plan de Rescate Americano que ampli\u00f3 el programa del Cr\u00e9dito Contributivo por Ingreso Devengado (EITC, por sus siglas en ingl\u00e9s) en aproximadamente $612 millones en fondos adicionales para el programa por los pr\u00f3ximos 10 a\u00f1os.<\/p>\n<p>&nbsp;<\/p>\n<p>\u201cLa extensi\u00f3n completa a Puerto Rico del Cr\u00e9dito por Trabajo tendr\u00e1 un efecto multiplicador en nuestra Isla. La aprobaci\u00f3n de esta medida permitir\u00e1 que nuestros contribuyentes reciban un incentivo econ\u00f3mico dirigido plenamente a fomentar el trabajo. Para este gobierno es de suma importancia expandir los recursos que tenemos disponibles y que redunden en beneficios a nuestros ciudadanos\u201d, sostuvo el gobernador, quien a\u00f1adi\u00f3 que la medida establece que el Departamento de Hacienda de Puerto Rico realizar\u00e1 cualquier acci\u00f3n necesaria para promover la implementaci\u00f3n efectiva de esta legislaci\u00f3n para el ciclo contributivo correspondiente al a\u00f1o 2021.<\/p>\n<p>&nbsp;<\/p>\n<p>La pieza legislativa explica que, actualmente, el Cr\u00e9dito por Trabajo de Puerto Rico establece un cr\u00e9dito contributivo de 10 centavos por cada d\u00f3lar del ingreso que genera una familia, hasta los $15,000, para una familia casada con dos hijos. No obstante, a medida que los ingresos de una familia contin\u00faan aumentando, el cr\u00e9dito cae hasta que finalmente se reduce a cero, lo que ocurre cuando los ingresos alcanzan $34,750. Bajo el c\u00e1lculo existente, el beneficio m\u00e1ximo del Cr\u00e9dito por Trabajo en Puerto Rico es de $2,000 por a\u00f1o, por lo que esta medida busca equiparar el beneficio otorgado en el Cr\u00e9dito por Trabajo estatal con el federal.<\/p>\n<p>&nbsp;<\/p>\n<p>Como condici\u00f3n para recibir los fondos federales aprobados, el gobierno de Puerto Rico debe realizar pagos anuales de sobre $800 millones a los beneficiarios del EITC. Sin embargo, para el A\u00f1o Fiscal 2019 los cr\u00e9ditos reclamados se estimaron en $115 millones con un total de 258,000 declarantes, lo cual se encuentra muy por debajo de la cantidad base establecida. Por tal raz\u00f3n, es necesario que el gobierno de Puerto Rico apruebe legislaci\u00f3n dirigida a modificar el EITC local con el prop\u00f3sito de extender los incentivos laborales.<\/p>\n","protected":false},"excerpt":{"rendered":"<p>El gobernador Pedro R. Pierluisi anunci\u00f3 que estar\u00e1 radicando una medida de Administraci\u00f3n para extender a los puertorrique\u00f1os las disposiciones del Cr\u00e9dito por Trabajo disponibles en el C\u00f3digo de Rentas Internas Federal. Con esto se lograr\u00e1 equiparar el beneficio estatal con el federal a los ciudadanos americanos que viven en la Isla. &nbsp; Esta medida, [&hellip;]<\/p>\n","protected":false},"author":5,"featured_media":1374,"comment_status":"open","ping_status":"open","sticky":false,"template":"","format":"standard","meta":{"footnotes":""},"categories":[24,2,9,1],"tags":[],"class_list":{"0":"post-1372","1":"post","2":"type-post","3":"status-publish","4":"format-standard","5":"has-post-thumbnail","7":"category-economia","8":"category-featured","9":"category-gobierno","10":"category-uncategorized"},"aioseo_notices":[],"_links":{"self":[{"href":"https:\/\/wiac740.com\/index.php\/wp-json\/wp\/v2\/posts\/1372","targetHints":{"allow":["GET"]}}],"collection":[{"href":"https:\/\/wiac740.com\/index.php\/wp-json\/wp\/v2\/posts"}],"about":[{"href":"https:\/\/wiac740.com\/index.php\/wp-json\/wp\/v2\/types\/post"}],"author":[{"embeddable":true,"href":"https:\/\/wiac740.com\/index.php\/wp-json\/wp\/v2\/users\/5"}],"replies":[{"embeddable":true,"href":"https:\/\/wiac740.com\/index.php\/wp-json\/wp\/v2\/comments?post=1372"}],"version-history":[{"count":0,"href":"https:\/\/wiac740.com\/index.php\/wp-json\/wp\/v2\/posts\/1372\/revisions"}],"wp:featuredmedia":[{"embeddable":true,"href":"https:\/\/wiac740.com\/index.php\/wp-json\/wp\/v2\/media\/1374"}],"wp:attachment":[{"href":"https:\/\/wiac740.com\/index.php\/wp-json\/wp\/v2\/media?parent=1372"}],"wp:term":[{"taxonomy":"category","embeddable":true,"href":"https:\/\/wiac740.com\/index.php\/wp-json\/wp\/v2\/categories?post=1372"},{"taxonomy":"post_tag","embeddable":true,"href":"https:\/\/wiac740.com\/index.php\/wp-json\/wp\/v2\/tags?post=1372"}],"curies":[{"name":"wp","href":"https:\/\/api.w.org\/{rel}","templated":true}]}}