{"id":2258,"date":"2021-06-08T18:16:49","date_gmt":"2021-06-08T22:16:49","guid":{"rendered":"https:\/\/wiac740.com\/?p=2258"},"modified":"2021-06-08T18:16:49","modified_gmt":"2021-06-08T22:16:49","slug":"aprueban-proyecto-que-reconoce-la-labor-y-la-lucha-de-las-mujeres-con-diversidad-funcional","status":"publish","type":"post","link":"https:\/\/wiac740.com\/index.php\/2021\/06\/08\/aprueban-proyecto-que-reconoce-la-labor-y-la-lucha-de-las-mujeres-con-diversidad-funcional\/","title":{"rendered":"APRUEBAN PROYECTO QUE RECONOCE LA LABOR Y LA LUCHA DE LAS MUJERES CON DIVERSIDAD FUNCIONAL"},"content":{"rendered":"<p><span style=\"font-weight: 400;\"><strong>El Capitolio<\/strong> &#8211; Durante la ma\u00f1ana de hoy martes, la presidenta de la Comisi\u00f3n de Asuntos de la Mujer en la C\u00e1mara de Representantes, Jocelyne Rodr\u00edguez Negr\u00f3n realiz\u00f3 una vista de consideraci\u00f3n final (markup session), en la que se aprob\u00f3 el proyecto cameral 557, que declara el 10 de marzo de cada a\u00f1o como el \u201cD\u00eda de la Mujer con Diversidad Funcional\u201d.\u00a0<\/span><\/p>\n<p>&nbsp;<\/p>\n<p><span style=\"font-weight: 400;\">La pieza legislativa de la autor\u00eda de la representante Wanda del Valle Correa, destaca que las mujeres con diversidad funcional tienen un reto a\u00fan mayor para asegurar que se le reconozcan y salvaguarden sus derechos. Muchas de estas son invisibilizadas y discriminadas por raz\u00f3n de su discapacidad.\u00a0<\/span><\/p>\n<p>&nbsp;<\/p>\n<p><span style=\"font-weight: 400;\">Como ejemplo de ello, est\u00e1 las luchas de las mujeres sordas, quienes han tenido que hacerse un espacio en nuestra sociedad para conseguir ser atendidas adecuadamente por las entidades gubernamentales, o para lograr una educaci\u00f3n inclusiva. Tambi\u00e9n est\u00e1n las mujeres con diversas discapacidades, entre las que se encuentran las f\u00edsicas, visuales, y auditivas, que d\u00eda a d\u00eda se esfuerzan por superarse y ser tratadas con dignidad, respeto y equidad.<\/span><\/p>\n<p>&nbsp;<\/p>\n<p><span style=\"font-weight: 400;\">\u201cEn reconocimiento a la labor y lucha de las mujeres con diversidad funcional, esta Asamblea Legislativa selecciona el 10 de marzo de cada a\u00f1o para reconocer y honrar a las mujeres con diversidad funcional\u201d, reza la medida.\u00a0<\/span><\/p>\n<p>&nbsp;<\/p>\n<p><span style=\"font-weight: 400;\">Seg\u00fan el Reporte del Estado de la Discapacidad en Puerto Rico del 2010, un 19.9% de las mujeres en la Isla reflejaban alguna discapacidad. En el 2018, este mismo informe revel\u00f3 que el porciento de mujeres con discapacidad en el pa\u00eds era de 22.2%, aumentando as\u00ed el porcentaje de mujeres con alguna discapacidad.\u00a0<\/span><\/p>\n<p>&nbsp;<\/p>\n<p><span style=\"font-weight: 400;\">\u201cLas luchas que libraron las mujeres en el 1857, por salarios m\u00e1s justos y mejores condiciones de empleo, no han cesado, en especial las de aquellas con diversidad funcional. Por tanto, esta Asamblea Legislativa reconoce la importancia de la labor encomiable que realizan las mujeres en nuestra sociedad, y las luchas libradas por estas para lograr que se les reconozcan sus derechos, muy en especial, aquellas con alg\u00fan tipo de diversidad funcional\u201d, expone la pieza legislativa.<\/span><\/p>\n<p>&nbsp;<\/p>\n<p><span style=\"font-weight: 400;\">Este proyecto fue aprobado con ocho votos a favor y no tuvo alguno en contra.\u00a0<\/span><\/p>\n<p>&nbsp;<\/p>\n","protected":false},"excerpt":{"rendered":"<p>El Capitolio &#8211; Durante la ma\u00f1ana de hoy martes, la presidenta de la Comisi\u00f3n de Asuntos de la Mujer en la C\u00e1mara de Representantes, Jocelyne Rodr\u00edguez Negr\u00f3n realiz\u00f3 una vista de consideraci\u00f3n final (markup session), en la que se aprob\u00f3 el proyecto cameral 557, que declara el 10 de marzo de cada a\u00f1o como el [&hellip;]<\/p>\n","protected":false},"author":5,"featured_media":2259,"comment_status":"open","ping_status":"open","sticky":false,"template":"","format":"standard","meta":{"footnotes":""},"categories":[2,9],"tags":[],"class_list":{"0":"post-2258","1":"post","2":"type-post","3":"status-publish","4":"format-standard","5":"has-post-thumbnail","7":"category-featured","8":"category-gobierno"},"aioseo_notices":[],"_links":{"self":[{"href":"https:\/\/wiac740.com\/index.php\/wp-json\/wp\/v2\/posts\/2258","targetHints":{"allow":["GET"]}}],"collection":[{"href":"https:\/\/wiac740.com\/index.php\/wp-json\/wp\/v2\/posts"}],"about":[{"href":"https:\/\/wiac740.com\/index.php\/wp-json\/wp\/v2\/types\/post"}],"author":[{"embeddable":true,"href":"https:\/\/wiac740.com\/index.php\/wp-json\/wp\/v2\/users\/5"}],"replies":[{"embeddable":true,"href":"https:\/\/wiac740.com\/index.php\/wp-json\/wp\/v2\/comments?post=2258"}],"version-history":[{"count":0,"href":"https:\/\/wiac740.com\/index.php\/wp-json\/wp\/v2\/posts\/2258\/revisions"}],"wp:featuredmedia":[{"embeddable":true,"href":"https:\/\/wiac740.com\/index.php\/wp-json\/wp\/v2\/media\/2259"}],"wp:attachment":[{"href":"https:\/\/wiac740.com\/index.php\/wp-json\/wp\/v2\/media?parent=2258"}],"wp:term":[{"taxonomy":"category","embeddable":true,"href":"https:\/\/wiac740.com\/index.php\/wp-json\/wp\/v2\/categories?post=2258"},{"taxonomy":"post_tag","embeddable":true,"href":"https:\/\/wiac740.com\/index.php\/wp-json\/wp\/v2\/tags?post=2258"}],"curies":[{"name":"wp","href":"https:\/\/api.w.org\/{rel}","templated":true}]}}