{"id":2394,"date":"2021-06-16T11:42:33","date_gmt":"2021-06-16T15:42:33","guid":{"rendered":"https:\/\/wiac740.com\/?p=2394"},"modified":"2021-06-16T11:42:33","modified_gmt":"2021-06-16T15:42:33","slug":"vivienda-publica-redisena-su-programa-de-empresarismo-con-nuevos-servicios-para-residentes","status":"publish","type":"post","link":"https:\/\/wiac740.com\/index.php\/2021\/06\/16\/vivienda-publica-redisena-su-programa-de-empresarismo-con-nuevos-servicios-para-residentes\/","title":{"rendered":"VIVIENDA P\u00daBLICA REDISE\u00d1A SU PROGRAMA DE EMPRESARISMO CON NUEVOS SERVICIOS PARA RESIDENTES"},"content":{"rendered":"<p align=\"center\"><b>San Juan<\/b>\u00a0\u2013 El administrador de Vivienda P\u00fablica, Alejandro Salgado Col\u00f3n anunci\u00f3 el lanzamiento del programa Puedo Emprender, iniciativa que busca guiar y motivar a los emprendedores de residenciales a desarrollar negocios desde una mirada innovadora y escalable.<\/p>\n<p>&nbsp;<\/p>\n<p>Este nuevo programa, que llega para sustituir la iniciativa existente de Microempresarismo, brindar\u00e1 apoyo a los residentes en su proceso de desarrollar ideas de negocio bas\u00e1ndose en una metodolog\u00eda creada y estructurada para optimizar y desarrollar empresas rentables y sostenibles en la isla.<\/p>\n<p>&nbsp;<\/p>\n<p>\u201cEstamos convencidos que esta iniciativa lograr\u00e1 que muchos residentes puedan alcanzar la autosuficiencia econ\u00f3mica y social mediante el establecimiento de su propio negocio. Con la asesor\u00eda correcta, el apoyo continuo de profesionales y los diversos adiestramientos y talleres de capacitaci\u00f3n, har\u00e1n de este proyecto uno sin precedentes para nuestros residentes\u201d, expres\u00f3 Salgado Col\u00f3n.<\/p>\n<p>&nbsp;<\/p>\n<p>Con este nuevo programa, los residentes contar\u00e1n con el apoyo de coordinadores y t\u00e9cnicos empresariales que les ofrecer\u00e1n direcci\u00f3n tomando como base las tres fases claves de la metodolog\u00eda Puedo Emprender.<\/p>\n<p>&nbsp;<\/p>\n<p>La primera fase es Ideaci\u00f3n y validaci\u00f3n, donde se impactar\u00e1n a los residentes que no tienen un negocio, pero tienen una idea que quieren desarrollar y validar. La fase Desarrollo y formalidad, busca guiar a los residentes que ya tienen una idea o un negocio validado a darle formalidad legal y a estructurar sus operaciones desde una mirada sostenible. Por \u00faltimo, en la fase de Optimizaci\u00f3n y crecimiento, se impactar\u00e1n a los residentes con empresas establecidas que est\u00e9n buscando crecer y optimizar sus operaciones.<\/p>\n<p>&nbsp;<\/p>\n<p>El redise\u00f1o de este programa, que se ha logrado con la asistencia de INprende, se ha dado en un ejercicio de validaci\u00f3n con diferentes residentes que ya hoy est\u00e1n en un proceso de desarrollar sus negocios.<\/p>\n<p>&nbsp;<\/p>\n<p>Un caso como este es el de Graciela Michelle Villegas quien junto a su madre fund\u00f3 la empresa La Cocina de Mamu desde el residencial Rafael Mart\u00ednez Nadal en Guaynabo.<\/p>\n<p>&nbsp;<\/p>\n<p>Por su parte, Villegas expres\u00f3 que \u201crealmente, estamos felices y emocionadas por lo que estamos haciendo con nuestro negocio. Nunca lo hab\u00eda hecho y con Puedo Emprender tenemos ese profesionalismo que dese\u00e1bamos. Las asesor\u00edas me han ofrecido a m\u00ed y a Mamu una seguridad incre\u00edble. Antes, me daba miedo lanzarme a emprender, pero hoy estamos listas para trabajar, para alcanzar el \u00e9xito con nuestro negocio\u201d.<\/p>\n<p>&nbsp;<\/p>\n<p>&nbsp;<\/p>\n<p>Para participar del Programa Puedo Emprender los residentes de Vivienda P\u00fablica pueden contactar al t\u00e9cnico empresarial en su residencial para tener m\u00e1s detalles. De igual forma, pueden acceder a\u00a0<a href=\"https:\/\/puedoemprender.com\/\" target=\"_blank\" rel=\"noopener noreferrer\" data-saferedirecturl=\"https:\/\/www.google.com\/url?q=https:\/\/puedoemprender.com&amp;source=gmail&amp;ust=1623943934463000&amp;usg=AFQjCNF_pJML_UGpTij1ob-u5buZtqKSAQ\">puedoemprender.com<\/a>\u00a0para encontrar la solicitud y m\u00e1s informaci\u00f3n.<\/p>\n","protected":false},"excerpt":{"rendered":"<p>San Juan\u00a0\u2013 El administrador de Vivienda P\u00fablica, Alejandro Salgado Col\u00f3n anunci\u00f3 el lanzamiento del programa Puedo Emprender, iniciativa que busca guiar y motivar a los emprendedores de residenciales a desarrollar negocios desde una mirada innovadora y escalable. &nbsp; Este nuevo programa, que llega para sustituir la iniciativa existente de Microempresarismo, brindar\u00e1 apoyo a los residentes [&hellip;]<\/p>\n","protected":false},"author":5,"featured_media":2396,"comment_status":"open","ping_status":"open","sticky":false,"template":"","format":"standard","meta":{"footnotes":""},"categories":[2,34],"tags":[],"class_list":{"0":"post-2394","1":"post","2":"type-post","3":"status-publish","4":"format-standard","5":"has-post-thumbnail","7":"category-featured","8":"category-vivienda"},"aioseo_notices":[],"_links":{"self":[{"href":"https:\/\/wiac740.com\/index.php\/wp-json\/wp\/v2\/posts\/2394","targetHints":{"allow":["GET"]}}],"collection":[{"href":"https:\/\/wiac740.com\/index.php\/wp-json\/wp\/v2\/posts"}],"about":[{"href":"https:\/\/wiac740.com\/index.php\/wp-json\/wp\/v2\/types\/post"}],"author":[{"embeddable":true,"href":"https:\/\/wiac740.com\/index.php\/wp-json\/wp\/v2\/users\/5"}],"replies":[{"embeddable":true,"href":"https:\/\/wiac740.com\/index.php\/wp-json\/wp\/v2\/comments?post=2394"}],"version-history":[{"count":0,"href":"https:\/\/wiac740.com\/index.php\/wp-json\/wp\/v2\/posts\/2394\/revisions"}],"wp:featuredmedia":[{"embeddable":true,"href":"https:\/\/wiac740.com\/index.php\/wp-json\/wp\/v2\/media\/2396"}],"wp:attachment":[{"href":"https:\/\/wiac740.com\/index.php\/wp-json\/wp\/v2\/media?parent=2394"}],"wp:term":[{"taxonomy":"category","embeddable":true,"href":"https:\/\/wiac740.com\/index.php\/wp-json\/wp\/v2\/categories?post=2394"},{"taxonomy":"post_tag","embeddable":true,"href":"https:\/\/wiac740.com\/index.php\/wp-json\/wp\/v2\/tags?post=2394"}],"curies":[{"name":"wp","href":"https:\/\/api.w.org\/{rel}","templated":true}]}}