{"id":2846,"date":"2021-08-02T12:40:39","date_gmt":"2021-08-02T16:40:39","guid":{"rendered":"https:\/\/wiac740.com\/?p=2846"},"modified":"2021-08-02T12:40:39","modified_gmt":"2021-08-02T16:40:39","slug":"departamento-del-trabajo-anuncia-ferias-de-empleos-para-residentes-del-sur","status":"publish","type":"post","link":"https:\/\/wiac740.com\/index.php\/2021\/08\/02\/departamento-del-trabajo-anuncia-ferias-de-empleos-para-residentes-del-sur\/","title":{"rendered":"DEPARTAMENTO DEL TRABAJO ANUNCIA FERIAS DE EMPLEOS PARA RESIDENTES DEL SUR"},"content":{"rendered":"<div align=\"center\"><strong>San Juan, P.R.<\/strong> &#8211; Como continuidad a sus ferias de reclutamiento y servicios, el titular del Departamento del Trabajo y Recursos Humanos (DTRH), Carlos J. Rivera Santiago, inform\u00f3 hoy que la agencia realizar\u00e1 dos eventos masivos para impactar a residentes del \u00e1rea sur de la Isla que est\u00e1n en busca de empleo o tienen alguna situaci\u00f3n relacionada al Seguro por Desempleo y PUA.<\/div>\n<div align=\"justify\"><\/div>\n<div align=\"justify\">El viernes 6 de agosto patronos de diferentes industrias estar\u00e1n en el Complejo Ferial de Ponce con ofertas de empleo inmediato a salarios competitivos. Ese d\u00eda, personal del DTRH atender\u00e1 \u00fanicamente a reclamantes que pertenezcan a los municipios de Adjuntas, Guayanilla, Jayuya, Juana D\u00edaz, Pe\u00f1uelas, Yauco y el pueblo anfitri\u00f3n. Mientras que el viernes, 13 de agosto se realizar\u00e1 lo propio en el Centro de Convenciones de Coamo. En esa ocasi\u00f3n se recibir\u00e1n exclusivamente a ciudadanos de Aibonito, Barranquitas, Guayama, Orocovis, Salinas, Santa Isabel, Villalba y el pueblo anfitri\u00f3n. Ambas se dar\u00e1n en horario de 9:00 a.m. a 2:00 p.m.<\/div>\n<div align=\"justify\"><\/div>\n<div align=\"justify\">\u201cAl d\u00eda hoy, a trav\u00e9s de las ferias de reclutamiento hemos impactado cerca de 5 mil ciudadanos que han asistido en busca de empleo o atender asuntos relacionados a sus beneficios. Con esto lograremos llevar los servicios a quienes, quiz\u00e1s por la distancia, se les dificulte llegar hasta nuestras oficinas regionales\u201d, dijo el secretario.<\/div>\n<div align=\"justify\"><\/div>\n<div align=\"justify\">Rivera Santiago puntualiz\u00f3 que todo asistente deber\u00e1 proveer la evidencia de vacunaci\u00f3n contra el COVID-19 o resultado negativo de una prueba de ant\u00edgeno realizada 24 horas antes de la actividad. Esto se debe a una orden administrativa del Departamento de Salud, dirigida a eventos de 500 personas o m\u00e1s, la cual hace compulsorio dicho requerimiento.<\/div>\n","protected":false},"excerpt":{"rendered":"<p>San Juan, P.R. &#8211; Como continuidad a sus ferias de reclutamiento y servicios, el titular del Departamento del Trabajo y Recursos Humanos (DTRH), Carlos J. Rivera Santiago, inform\u00f3 hoy que la agencia realizar\u00e1 dos eventos masivos para impactar a residentes del \u00e1rea sur de la Isla que est\u00e1n en busca de empleo o tienen alguna [&hellip;]<\/p>\n","protected":false},"author":5,"featured_media":2847,"comment_status":"open","ping_status":"open","sticky":false,"template":"","format":"standard","meta":{"footnotes":""},"categories":[2,20],"tags":[],"class_list":{"0":"post-2846","1":"post","2":"type-post","3":"status-publish","4":"format-standard","5":"has-post-thumbnail","7":"category-featured","8":"category-laborales"},"aioseo_notices":[],"_links":{"self":[{"href":"https:\/\/wiac740.com\/index.php\/wp-json\/wp\/v2\/posts\/2846","targetHints":{"allow":["GET"]}}],"collection":[{"href":"https:\/\/wiac740.com\/index.php\/wp-json\/wp\/v2\/posts"}],"about":[{"href":"https:\/\/wiac740.com\/index.php\/wp-json\/wp\/v2\/types\/post"}],"author":[{"embeddable":true,"href":"https:\/\/wiac740.com\/index.php\/wp-json\/wp\/v2\/users\/5"}],"replies":[{"embeddable":true,"href":"https:\/\/wiac740.com\/index.php\/wp-json\/wp\/v2\/comments?post=2846"}],"version-history":[{"count":0,"href":"https:\/\/wiac740.com\/index.php\/wp-json\/wp\/v2\/posts\/2846\/revisions"}],"wp:featuredmedia":[{"embeddable":true,"href":"https:\/\/wiac740.com\/index.php\/wp-json\/wp\/v2\/media\/2847"}],"wp:attachment":[{"href":"https:\/\/wiac740.com\/index.php\/wp-json\/wp\/v2\/media?parent=2846"}],"wp:term":[{"taxonomy":"category","embeddable":true,"href":"https:\/\/wiac740.com\/index.php\/wp-json\/wp\/v2\/categories?post=2846"},{"taxonomy":"post_tag","embeddable":true,"href":"https:\/\/wiac740.com\/index.php\/wp-json\/wp\/v2\/tags?post=2846"}],"curies":[{"name":"wp","href":"https:\/\/api.w.org\/{rel}","templated":true}]}}