{"id":2986,"date":"2021-08-18T17:47:34","date_gmt":"2021-08-18T21:47:34","guid":{"rendered":"https:\/\/wiac740.com\/?p=2986"},"modified":"2021-08-18T17:47:34","modified_gmt":"2021-08-18T21:47:34","slug":"gobernador-pierluisi-visita-escuelas-en-coamo-y-yauco","status":"publish","type":"post","link":"https:\/\/wiac740.com\/index.php\/2021\/08\/18\/gobernador-pierluisi-visita-escuelas-en-coamo-y-yauco\/","title":{"rendered":"GOBERNADOR PIERLUISI VISITA ESCUELAS EN COAMO Y YAUCO"},"content":{"rendered":"<p><strong>Coamo<\/strong>&#8211; En el inicio del nuevo a\u00f1o escolar 2021-2022 de forma presencial, el gobernador de Puerto Rico, Pedro R. Pierluisi, en compa\u00f1\u00eda del secretario interino del Departamento de Educaci\u00f3n (DE), Eliezer Ramos Par\u00e9s, visit\u00f3 la escuela Rom\u00e1n Col\u00f3n Correa, en el municipio de Coamo y la escuela de Bellas Artes, Rafael Mart\u00ednez Nadal en Yauco.<\/p>\n<p>\u201cHoy fue un gran d\u00eda para nuestros ni\u00f1os y ni\u00f1as que regresaron al sal\u00f3n a tomar sus clases presenciales. Cerca de 750 planteles escolares pudieron reabrir, tras m\u00e1s de un a\u00f1o cerrados por la pandemia, y como consecuencia de los terremotos que afectaron la zona sur de la Isla. La gran mayor\u00eda de los planteles se pusieron en condiciones para el comienzo de clases, y en el caso de excepciones se est\u00e1n atendiendo. Las escuelas cuentan con un protocolo establecido por el Departamento de Salud para garantizar que se toman las medidas de salubridad y que se atiende de manera r\u00e1pida si surgiera alg\u00fan contagio. Nuestros estudiantes han vivido una tragedia social al tener sus escuelas cerradas por tanto tiempo, tenemos que trabajar todos unidos para asegurarnos que los protegemos, por eso insisto en que la vacunaci\u00f3n es la soluci\u00f3n\u201d, sostuvo el gobernador, quien record\u00f3 que es obligatorio que todo el personal que labore en las escuelas, as\u00ed como los estudiantes mayores de 12 a\u00f1os que acudan al plantel escolar deben estar vacunados.<\/p>\n<p>A estas palabras, se uni\u00f3 el secretario interino del DE, quien coment\u00f3 que el regreso a clases presenciales \u201ces necesario que ocurra para el mejor aprovechamiento acad\u00e9mico de los ni\u00f1os y j\u00f3venes, que han estado fuera por cerca de a\u00f1o y medio tras la pandemia. Hemos procurado que sea en ambientes seguros con rigurosos\u00a0 protocolos avalados por el Departamento de Salud. La agenda de trabajo para la reconstrucci\u00f3n de las escuelas y el remozamiento de otras cuantas sigue llev\u00e1ndose a cabo de forma simult\u00e1nea. Igual, confiamos en la agenda de trabajo del equipo acad\u00e9mico, quienes trabajar\u00e1n con el posible rezago de algunos estudiantes al tiempo que incorporan nuevas estrategias como parte del proceso de aprendizaje. Es necesaria la colaboraci\u00f3n de toda la comunidad escolar para lograr un a\u00f1o escolar exitoso\u201d.<\/p>\n<p>En la visita a la escuela Rom\u00e1n Col\u00f3n Correa de Coamo, a la que se uni\u00f3 el alcalde de\u00a0Coamo, Juan Carlos Garc\u00eda Padilla, pudieron constatar que el plantel que pertenece a la Autoridad de Edificios P\u00fablicos (AEP) tiene una plantilla acad\u00e9mica de 270 estudiantes y se encuentra en buenas condiciones. Tambi\u00e9n, el comedor escolar cuenta con todo el equipo y reglamentaci\u00f3n salubrista necesaria para cumplir con el horario de almuerzo de manera escalonada y los seis pies de distancia entre los estudiantes. Actualmente, en esta escuela se realizan reparaciones de columnas cortas. El gobernador reiter\u00f3 que en 163 escuelas alrededor de la Isla ya se est\u00e1 trabajando con la reparaci\u00f3n de las columnas cortas. La mitad de las escuelas con este problema estar\u00e1n reparadas al finalizar este semetre, mientras que las dem\u00e1s estar\u00e1n listas al culminar el pr\u00f3ximo semestre escolar.<\/p>\n<p>Durante la tarde de hoy el gobernador tambi\u00e9n visit\u00f3, junto al alcalde de Yauco, \u00c1ngel Luis \u201cLuigi\u201d Torres, la Escuela Rafael Mart\u00ednez Nadal, especializada en Bellas Artes. En este caso, el alcalde utiliz\u00f3 de fondos otorgados por el gobernador Pedro Pierluisi para, en acuerdo con la OMEP y el Departamento de Educaci\u00f3n, contratar compa\u00f1\u00edas que realizaron obras de restauraci\u00f3n de pintura exterior e interior, iluminaci\u00f3n, poda de \u00e1rboles, instalaci\u00f3n de equipos, limpieza, refrigeraci\u00f3n, entre otros arreglos.<\/p>\n<p>Hace poco el gobernador Pedro R. Pierluisi anunci\u00f3 que por los trabajos esenciales realizados durante la pandemia por el COVID-19, cerca de 42 mil empleados del DE recibir\u00e1n un incentivo de $5 mil, lo que representa un desembolso de fondos federales de $200.2 millones. Adem\u00e1s, inform\u00f3 que los empleados de comedores escolares recibir\u00e1n un pago especial adicional de $5 mil por su trabajo fundamental durante la emergencia.<\/p>\n","protected":false},"excerpt":{"rendered":"<p>Coamo&#8211; En el inicio del nuevo a\u00f1o escolar 2021-2022 de forma presencial, el gobernador de Puerto Rico, Pedro R. Pierluisi, en compa\u00f1\u00eda del secretario interino del Departamento de Educaci\u00f3n (DE), Eliezer Ramos Par\u00e9s, visit\u00f3 la escuela Rom\u00e1n Col\u00f3n Correa, en el municipio de Coamo y la escuela de Bellas Artes, Rafael Mart\u00ednez Nadal en Yauco. [&hellip;]<\/p>\n","protected":false},"author":5,"featured_media":2989,"comment_status":"open","ping_status":"open","sticky":false,"template":"","format":"standard","meta":{"footnotes":""},"categories":[30,2,9],"tags":[],"class_list":{"0":"post-2986","1":"post","2":"type-post","3":"status-publish","4":"format-standard","5":"has-post-thumbnail","7":"category-educacion","8":"category-featured","9":"category-gobierno"},"aioseo_notices":[],"_links":{"self":[{"href":"https:\/\/wiac740.com\/index.php\/wp-json\/wp\/v2\/posts\/2986","targetHints":{"allow":["GET"]}}],"collection":[{"href":"https:\/\/wiac740.com\/index.php\/wp-json\/wp\/v2\/posts"}],"about":[{"href":"https:\/\/wiac740.com\/index.php\/wp-json\/wp\/v2\/types\/post"}],"author":[{"embeddable":true,"href":"https:\/\/wiac740.com\/index.php\/wp-json\/wp\/v2\/users\/5"}],"replies":[{"embeddable":true,"href":"https:\/\/wiac740.com\/index.php\/wp-json\/wp\/v2\/comments?post=2986"}],"version-history":[{"count":0,"href":"https:\/\/wiac740.com\/index.php\/wp-json\/wp\/v2\/posts\/2986\/revisions"}],"wp:featuredmedia":[{"embeddable":true,"href":"https:\/\/wiac740.com\/index.php\/wp-json\/wp\/v2\/media\/2989"}],"wp:attachment":[{"href":"https:\/\/wiac740.com\/index.php\/wp-json\/wp\/v2\/media?parent=2986"}],"wp:term":[{"taxonomy":"category","embeddable":true,"href":"https:\/\/wiac740.com\/index.php\/wp-json\/wp\/v2\/categories?post=2986"},{"taxonomy":"post_tag","embeddable":true,"href":"https:\/\/wiac740.com\/index.php\/wp-json\/wp\/v2\/tags?post=2986"}],"curies":[{"name":"wp","href":"https:\/\/api.w.org\/{rel}","templated":true}]}}