{"id":3026,"date":"2021-08-29T09:34:22","date_gmt":"2021-08-29T13:34:22","guid":{"rendered":"https:\/\/wiac740.com\/?p=3026"},"modified":"2021-08-29T09:34:22","modified_gmt":"2021-08-29T13:34:22","slug":"celebran-el-59-aniversario-del-residencial-ernesto-ramos-antotnini","status":"publish","type":"post","link":"https:\/\/wiac740.com\/index.php\/2021\/08\/29\/celebran-el-59-aniversario-del-residencial-ernesto-ramos-antotnini\/","title":{"rendered":"CELEBRAN EL 59 ANIVERSARIO DEL RESIDENCIAL ERNESTO RAMOS ANTOTNINI"},"content":{"rendered":"<p><b>San Juan<\/b>\u00a0\u2013 En una actividad llena de sorpresas, nostalgia y m\u00fasica, residentes de vivienda p\u00fablica celebraron el 59 aniversario del residencial Ernesto Ramos Antonini en San Juan.<\/p>\n<p><wbr \/>\u00a0\u00a0\u00a0\u00a0\u00a0\u00a0\u00a0\u00a0\u00a0\u00a0\u00a0\u00a0\u00a0\u00a0\u00a0\u00a0\u00a0\u00a0\u00a0\u00a0\u00a0\u00a0\u00a0\u00a0\u00a0\u00a0\u00a0\u00a0\u00a0\u00a0<wbr \/>\u00a0\u00a0\u00a0\u00a0\u00a0\u00a0\u00a0\u00a0\u00a0\u00a0\u00a0\u00a0\u00a0\u00a0\u00a0\u00a0\u00a0\u00a0\u00a0\u00a0\u00a0\u00a0\u00a0\u00a0\u00a0\u00a0\u00a0\u00a0\u00a0\u00a0<wbr \/>\u00a0\u00a0\u00a0\u00a0\u00a0\u00a0\u00a0\u00a0\u00a0\u00a0\u00a0\u00a0\u00a0\u00a0\u00a0\u00a0\u00a0\u00a0\u00a0\u00a0\u00a0\u00a0\u00a0\u00a0\u00a0\u00a0\u00a0\u00a0\u00a0\u00a0<wbr \/><\/p>\n<p>Al mismo tiempo, se inaugur\u00f3 el Centro Educativo Tecnol\u00f3gico, el teatro y el centro comunal. Estas instalaciones beneficiar\u00e1n tanto a los residentes del proyecto, como a las comunidades aleda\u00f1as.<\/p>\n<p>&nbsp;<\/p>\n<p>\u201cContinuamos firmes en nuestro compromiso de desarrollar espacios que ayuden a mejorar la calidad de vida de los residentes. Las comunidades de vivienda p\u00fablica se destacan por contar con ni\u00f1os, j\u00f3venes y adultos que aportan al fortalecimiento socioecon\u00f3mico de Puerto Rico y estamos enfocados en desarrollar m\u00e1s oportunidades para que as\u00ed contin\u00fae\u201d, destac\u00f3 el administrador de Vivienda P\u00fablica, Alejandro Salgado Col\u00f3n.<\/p>\n<p>&nbsp;<\/p>\n<p>Por su parte, el alcalde de San Juan se\u00f1al\u00f3 que \u201cestamos de fiesta ante la celebraci\u00f3n de los 59 a\u00f1os de una de las comunidades m\u00e1s destacadas de la Ciudad Capital. Hace algunos meses, discut\u00ed con el se\u00f1or Orlando Merced algunas iniciativas que aportar\u00edan en la renovaci\u00f3n de las instalaciones recreativas del residencial. Hoy, vemos con gran entusiasmo y benepl\u00e1cito el que se hayan convertido en realidad. San Juan vuelve a ser de sus comunidades\u201d.<\/p>\n<p>&nbsp;<\/p>\n<p>El nuevo Centro Educativo Tecnol\u00f3gico del residencial cuenta con nueve computadoras, dos fotocopiadoras multifuncionales, un televisor y un Blue Ray, entre otras herramientas tecnol\u00f3gicas. La inversi\u00f3n total asciende a $18 mil.<\/p>\n<p>&nbsp;<\/p>\n<p>Salgado Col\u00f3n inform\u00f3 que \u201cel Centro Educativo tiene como prop\u00f3sito ofrecer asistencia en la b\u00fasqueda de informaci\u00f3n, brindar acceso a internet y proveer actividades educativas. De estos servicios se estar\u00edan beneficiando alrededor de 364 ni\u00f1os y j\u00f3venes en esta comunidad\u201d.<\/p>\n<p>&nbsp;<\/p>\n<p>La inversi\u00f3n para la rehabilitaci\u00f3n del centro comunal fue de unos $47 mil y se proyecta llevar a cabo actividades educativas, recreativas, cl\u00ednicas de salud y ferias de servicios para el disfrute de la comunidad, entre otros eventos.<\/p>\n<p>&nbsp;<\/p>\n<p>En cuanto a la inauguraci\u00f3n del teatro -al que se le instalaron acondicionadores de aire, equipo de sonido y cortina con una inversi\u00f3n de $80 mil- se realiz\u00f3 una ceremonia para reconocer el compromiso y dedicaci\u00f3n con las artes esc\u00e9nicas de Ram\u00f3n \u201cMoncho\u201d Conde.<\/p>\n<p>&nbsp;<\/p>\n<p>\u201cMoncho no solo es el encargado del teatro, sino que es una persona que ha dedicado gran parte de su vida a mejorar las facilidades y hacer de este espacio uno que ayude a desarrollar las habilidades y destrezas en la actuaci\u00f3n de muchos ni\u00f1os y j\u00f3venes del residencial\u201d, enfatiz\u00f3 el administrador de Vivienda P\u00fablica.<\/p>\n<p>&nbsp;<\/p>\n<p>Asimismo, el senador Henry Neumann y el representante Juan Oscar Morales impulsar\u00e1n una medida legislativa para que el teatro lleve el nombre de Ram\u00f3n &#8220;Moncho&#8221; Conde. La senadora Nitza Mor\u00e1n, tambi\u00e9n estuvo presente en la actividad.<\/p>\n<p>&nbsp;<\/p>\n<p>Como parte de las actividades que se realizaron en la inauguraci\u00f3n del teatro, se estren\u00f3 la obra Fronteras, escrita por el l\u00edder comunitario, Orlando Merced, dirigida por Ram\u00f3n \u201cMoncho\u201d Conde y que cuenta con la actuaci\u00f3n de residentes del residencial Ernesto Ramos Antonini y otros invitados.<\/p>\n","protected":false},"excerpt":{"rendered":"<p>San Juan\u00a0\u2013 En una actividad llena de sorpresas, nostalgia y m\u00fasica, residentes de vivienda p\u00fablica celebraron el 59 aniversario del residencial Ernesto Ramos Antonini en San Juan. \u00a0\u00a0\u00a0\u00a0\u00a0\u00a0\u00a0\u00a0\u00a0\u00a0\u00a0\u00a0\u00a0\u00a0\u00a0\u00a0\u00a0\u00a0\u00a0\u00a0\u00a0\u00a0\u00a0\u00a0\u00a0\u00a0\u00a0\u00a0\u00a0\u00a0\u00a0\u00a0\u00a0\u00a0\u00a0\u00a0\u00a0\u00a0\u00a0\u00a0\u00a0\u00a0\u00a0\u00a0\u00a0\u00a0\u00a0\u00a0\u00a0\u00a0\u00a0\u00a0\u00a0\u00a0\u00a0\u00a0\u00a0\u00a0\u00a0\u00a0\u00a0\u00a0\u00a0\u00a0\u00a0\u00a0\u00a0\u00a0\u00a0\u00a0\u00a0\u00a0\u00a0\u00a0\u00a0\u00a0\u00a0\u00a0\u00a0\u00a0\u00a0\u00a0\u00a0\u00a0\u00a0\u00a0\u00a0\u00a0\u00a0\u00a0 Al mismo tiempo, se inaugur\u00f3 el Centro Educativo Tecnol\u00f3gico, el teatro y el centro comunal. Estas instalaciones beneficiar\u00e1n tanto a los residentes del proyecto, como a las [&hellip;]<\/p>\n","protected":false},"author":5,"featured_media":3027,"comment_status":"open","ping_status":"open","sticky":false,"template":"","format":"standard","meta":{"footnotes":""},"categories":[2,34],"tags":[],"class_list":{"0":"post-3026","1":"post","2":"type-post","3":"status-publish","4":"format-standard","5":"has-post-thumbnail","7":"category-featured","8":"category-vivienda"},"aioseo_notices":[],"_links":{"self":[{"href":"https:\/\/wiac740.com\/index.php\/wp-json\/wp\/v2\/posts\/3026","targetHints":{"allow":["GET"]}}],"collection":[{"href":"https:\/\/wiac740.com\/index.php\/wp-json\/wp\/v2\/posts"}],"about":[{"href":"https:\/\/wiac740.com\/index.php\/wp-json\/wp\/v2\/types\/post"}],"author":[{"embeddable":true,"href":"https:\/\/wiac740.com\/index.php\/wp-json\/wp\/v2\/users\/5"}],"replies":[{"embeddable":true,"href":"https:\/\/wiac740.com\/index.php\/wp-json\/wp\/v2\/comments?post=3026"}],"version-history":[{"count":0,"href":"https:\/\/wiac740.com\/index.php\/wp-json\/wp\/v2\/posts\/3026\/revisions"}],"wp:featuredmedia":[{"embeddable":true,"href":"https:\/\/wiac740.com\/index.php\/wp-json\/wp\/v2\/media\/3027"}],"wp:attachment":[{"href":"https:\/\/wiac740.com\/index.php\/wp-json\/wp\/v2\/media?parent=3026"}],"wp:term":[{"taxonomy":"category","embeddable":true,"href":"https:\/\/wiac740.com\/index.php\/wp-json\/wp\/v2\/categories?post=3026"},{"taxonomy":"post_tag","embeddable":true,"href":"https:\/\/wiac740.com\/index.php\/wp-json\/wp\/v2\/tags?post=3026"}],"curies":[{"name":"wp","href":"https:\/\/api.w.org\/{rel}","templated":true}]}}