{"id":3117,"date":"2021-09-09T18:59:41","date_gmt":"2021-09-09T22:59:41","guid":{"rendered":"https:\/\/wiac740.com\/?p=3117"},"modified":"2021-09-09T18:59:41","modified_gmt":"2021-09-09T22:59:41","slug":"escuchan-reclamos-de-residentes-de-varios-residenciales-publicos-del-distrito-19","status":"publish","type":"post","link":"https:\/\/wiac740.com\/index.php\/2021\/09\/09\/escuchan-reclamos-de-residentes-de-varios-residenciales-publicos-del-distrito-19\/","title":{"rendered":"ESCUCHAN RECLAMOS DE RESIDENTES DE VARIOS RESIDENCIALES P\u00daBLICOS DEL DISTRITO 19"},"content":{"rendered":"<p><span style=\"font-weight: 400;\">Mayag\u00fcez, PR &#8211; La representante del Distrito 19 Jocelyne Rodr\u00edguez Negr\u00f3n realiz\u00f3 hoy una vista ocular en el Palacio de Recreaci\u00f3n y Deportes, Germ\u00e1n Wilkins V\u00e9lez para escuchar y canalizar las necesidades de los residentes de los residenciales p\u00fablicos de Mayag\u00fcez, en aras de trabajar en equipo en la formulaci\u00f3n de soluciones que ayuden a salvaguardar la seguridad y bienestar de todas las familias mayag\u00fcezanas que all\u00ed residen.<\/span><\/p>\n<p>&nbsp;<\/p>\n<p><span style=\"font-weight: 400;\">\u201cEl prop\u00f3sito de esta Comisi\u00f3n es que se concluyan los trabajos que est\u00e9n pendiente por realizar y se atiendan las necesidades de los residenciales. He de reiterarles que cuentan con una servidora y amiga que los representa dignamente. Mientras yo est\u00e9 aqu\u00ed, seguir\u00e9 escuchando y buscando alternativas para solucionar los problemas y necesidades de nuestros residentes de los residenciales p\u00fablicos y comunidades\u201d, expres\u00f3 Jocelyne Rodr\u00edguez.\u00a0<\/span><\/p>\n<p>&nbsp;<\/p>\n<p><span style=\"font-weight: 400;\">El presidente cameral, Rafael \u201cTatito\u201d Hern\u00e1ndez Monta\u00f1ez reiter\u00f3 el compromiso de la C\u00e1mara de Representantes de apoyar la gesti\u00f3n que realizan a diario los legisladores en la b\u00fasqueda de soluciones para mejorar la calidad de vida de sus constituyentes. \u201cEsta es la esencia de nuestro trabajo, poder llegar directamente a las comunidades y constatar las verdaderas necesidades que aquejan a nuestra gente\u201d.\u00a0<\/span><\/p>\n<p>&nbsp;<\/p>\n<p><span style=\"font-weight: 400;\">Por su parte, el administrador de Vivienda P\u00fablica, licenciado Salgado, manifest\u00f3 estar sumamente agradecido por el compromiso de la Representante y por tener la oportunidad de escuchar de primera mano las necesidades de los proyectos de vivienda p\u00fablica del Distrito 19. \u201cNuestro inter\u00e9s es continuar trabajando en equipo para mejorar las condiciones f\u00edsicas de nuestros proyectos y seguir desarrollando iniciativas o programas que sean de impacto y sirvan para mejorar la calidad de vida de nuestros residentes\u201d, enfatiz\u00f3 el funcionario.\u00a0<\/span><\/p>\n<p>&nbsp;<\/p>\n<p><span style=\"font-weight: 400;\">Del mismo modo, el portavoz cameral \u00c1ngel Matos Garc\u00eda reiter\u00f3 que \u201cdesde el d\u00eda uno hicimos un compromiso con sacar la C\u00e1mara de Representantes de San Juan a visitar los 78 municipios de la isla, en donde hemos preparado sesiones comunitarias, vistas p\u00fablicas y oculares. Hoy nos encontramos en Mayag\u00fcez participando de la iniciativa de la representante Rodr\u00edguez Negr\u00f3n de reunir a todos los presidentes de los residenciales p\u00fablicos del Distrito 19 bajo un mismo techo. En 20 a\u00f1os que llevo en la pol\u00edtica no hab\u00eda visto un evento como este en donde toda la comunidad se re\u00fane con sus representantes y el gobierno de Puerto Rico para canalizar soluciones ante sus necesidades\u201d.\u00a0<\/span><\/p>\n<p>&nbsp;<\/p>\n<p><span style=\"font-weight: 400;\">Finalmente, el alcalde de Mayag\u00fcez Jos\u00e9 Guillermo Rodr\u00edguez dijo que \u201cen los residenciales hay mucha gente buena, pero mucha gente abandonada por el gobierno que ha pasado por este pa\u00eds, que miran de lejos la pobreza y la necesidad de la gente. Para todo hay recursos, menos para rehabilitar nuestras comunidades y ayudar a la juventud. Ya es hora de que sean considerados\u201d, sostuvo.<\/span><\/p>\n<p>&nbsp;<\/p>\n<p><span style=\"font-weight: 400;\">El encuentro se realiz\u00f3 al amparo de la Resoluci\u00f3n de la C\u00e1mara 206 y estuvieron presentes el presidente cameral Rafael \u201cTatito\u201d Hern\u00e1ndez Monta\u00f1ez, el representante \u00c1ngel Matos Garc\u00eda, portavoz de la C\u00e1mara; el alcalde de Mayag\u00fcez, Jos\u00e9 Guillermo Rodr\u00edguez; el Cost Control, J. A. Machuca &amp; Inc.; el licenciado Alejandro Salgado, administrador de Vivienda P\u00fablica; Jos\u00e9 C. Collazo, director regional del Departamento de Vivienda; y los presidentes de los residenciales p\u00fablicos de Mayag\u00fcez.<\/span><\/p>\n<p>&nbsp;<\/p>\n<p><span style=\"font-weight: 400;\">Entre las preocupaciones presentadas por los residentes est\u00e1n la problem\u00e1tica con los establos de caballos, inundaciones de aguas negras, falta de alumbrados, necesidad de asfalto, falta de seguridad y vigilancia, problemas de reparaciones y mantenimientos a gabinetes, pintura, \u00e1reas recreativas, y la falta de personal como bibliotecarios. De igual forma, problemas con la designaci\u00f3n de apartamentos seg\u00fan la necesidad de cuartos.<\/span><\/p>\n<p>&nbsp;<\/p>\n<p><span style=\"font-weight: 400;\">Los residenciales atendidos fueron:\u00a0<\/span><\/p>\n<ol>\n<li><span style=\"font-weight: 400;\"> Residencial Ext. S\u00e1balos\u00a0<\/span><\/li>\n<li><span style=\"font-weight: 400;\"> Residencial Cuesta las Piedras<\/span><\/li>\n<li><span style=\"font-weight: 400;\"> Residencial Candelaria<\/span><\/li>\n<li><span style=\"font-weight: 400;\"> Residencial El Carmen<\/span><\/li>\n<li><span style=\"font-weight: 400;\"> Residencial Ram\u00edrez de Arellano<\/span><\/li>\n<li><span style=\"font-weight: 400;\"> Residencial Jardines de Concordia<\/span><\/li>\n<li><span style=\"font-weight: 400;\"> Residencial Rafael Hern\u00e1ndez\u00a0<\/span><\/li>\n<li><span style=\"font-weight: 400;\"> Residencial Yag\u00fcez<\/span><\/li>\n<li><span style=\"font-weight: 400;\"> Residencial Monte Isle\u00f1o<\/span><\/li>\n<li><span style=\"font-weight: 400;\"> Residencial Mar y Sol<\/span><\/li>\n<li><span style=\"font-weight: 400;\"> Residencial Roosevelt<\/span><\/li>\n<li><span style=\"font-weight: 400;\"> Residencial Colombus Landing<\/span><\/li>\n<li><span style=\"font-weight: 400;\"> Residencial Mayag\u00fcez Garden<\/span><\/li>\n<\/ol>\n","protected":false},"excerpt":{"rendered":"<p>Mayag\u00fcez, PR &#8211; La representante del Distrito 19 Jocelyne Rodr\u00edguez Negr\u00f3n realiz\u00f3 hoy una vista ocular en el Palacio de Recreaci\u00f3n y Deportes, Germ\u00e1n Wilkins V\u00e9lez para escuchar y canalizar las necesidades de los residentes de los residenciales p\u00fablicos de Mayag\u00fcez, en aras de trabajar en equipo en la formulaci\u00f3n de soluciones que ayuden a [&hellip;]<\/p>\n","protected":false},"author":5,"featured_media":3119,"comment_status":"open","ping_status":"open","sticky":false,"template":"","format":"standard","meta":{"footnotes":""},"categories":[2,23],"tags":[],"class_list":{"0":"post-3117","1":"post","2":"type-post","3":"status-publish","4":"format-standard","5":"has-post-thumbnail","7":"category-featured","8":"category-seguridad"},"aioseo_notices":[],"_links":{"self":[{"href":"https:\/\/wiac740.com\/index.php\/wp-json\/wp\/v2\/posts\/3117","targetHints":{"allow":["GET"]}}],"collection":[{"href":"https:\/\/wiac740.com\/index.php\/wp-json\/wp\/v2\/posts"}],"about":[{"href":"https:\/\/wiac740.com\/index.php\/wp-json\/wp\/v2\/types\/post"}],"author":[{"embeddable":true,"href":"https:\/\/wiac740.com\/index.php\/wp-json\/wp\/v2\/users\/5"}],"replies":[{"embeddable":true,"href":"https:\/\/wiac740.com\/index.php\/wp-json\/wp\/v2\/comments?post=3117"}],"version-history":[{"count":0,"href":"https:\/\/wiac740.com\/index.php\/wp-json\/wp\/v2\/posts\/3117\/revisions"}],"wp:featuredmedia":[{"embeddable":true,"href":"https:\/\/wiac740.com\/index.php\/wp-json\/wp\/v2\/media\/3119"}],"wp:attachment":[{"href":"https:\/\/wiac740.com\/index.php\/wp-json\/wp\/v2\/media?parent=3117"}],"wp:term":[{"taxonomy":"category","embeddable":true,"href":"https:\/\/wiac740.com\/index.php\/wp-json\/wp\/v2\/categories?post=3117"},{"taxonomy":"post_tag","embeddable":true,"href":"https:\/\/wiac740.com\/index.php\/wp-json\/wp\/v2\/tags?post=3117"}],"curies":[{"name":"wp","href":"https:\/\/api.w.org\/{rel}","templated":true}]}}