{"id":3837,"date":"2021-12-22T14:04:37","date_gmt":"2021-12-22T18:04:37","guid":{"rendered":"https:\/\/wiac740.com\/?p=3837"},"modified":"2021-12-22T14:04:37","modified_gmt":"2021-12-22T18:04:37","slug":"presidente-de-la-comision-de-turismo-y-cooperativismo-de-la-camara-de-representantes-insta-al-gobernador-a-cancelar-actividad-de-despedida-de-ano-en-el-distrito-del-centro-de-convenciones","status":"publish","type":"post","link":"https:\/\/wiac740.com\/index.php\/2021\/12\/22\/presidente-de-la-comision-de-turismo-y-cooperativismo-de-la-camara-de-representantes-insta-al-gobernador-a-cancelar-actividad-de-despedida-de-ano-en-el-distrito-del-centro-de-convenciones\/","title":{"rendered":"Presidente de la Comisi\u00f3n de Turismo y Cooperativismo de la C\u00e1mara de Representantes insta al Gobernador a cancelar actividad de despedida de a\u00f1o en el Distrito del Centro de Convenciones"},"content":{"rendered":"<p><span style=\"font-weight: 400;\"><strong>San Juan <\/strong>&#8211; El Representante Jos\u00e9 \u201cCheito\u201d Rivera Madera inst\u00f3 al gobernador Pedro Pierluisi a cancelar las actividades multitudinarias programadas con motivo de la celebraci\u00f3n de despedida de a\u00f1o. Esto ante las cifras r\u00e9cords en el aumento de contagios con coronavirus en el pa\u00eds.<\/span><\/p>\n<p><span style=\"font-weight: 400;\">Rivera Madera, quien preside la Comisi\u00f3n de Turismo, expres\u00f3 que, \u201ces contradictorio el mensaje impulsado por el Gobierno cuando, por un lado han gastado millones de d\u00f3lares para llevar campa\u00f1as preventivas, que sobre todo instruyen sobre la necesidad de evitar la aglomeraci\u00f3n de personas, y por el otro, estructuran un ambiente de peligro atrayente a la salud bajo la percepci\u00f3n de que aqu\u00ed est\u00e1 todo bajo control\u201d.\u00a0<\/span><\/p>\n<p><span style=\"font-weight: 400;\">&#8220;Le pedimos al se\u00f1or Gobernador que desista de esta idea cancelando la actividad programada para fin de a\u00f1o en el Distrito del Centro de Convenciones pues, como hemos visto en los pasados d\u00edas, el alza en los casos de COVID-19 en Puerto Rico ha llegado a niveles alarmantes. No hay ninguna necesidad de exponer a los ciudadanos a un riesgo mayor por un evento como ese que podr\u00eda ocasionar consecuencias muy tristes para todo el pa\u00eds\u201d, advirti\u00f3 el representarte Rivera Madera.\u00a0<\/span><\/p>\n<p><span style=\"font-weight: 400;\">El Legislador adem\u00e1s expuso que los eventos programados en el Distrito de Convenciones para despedir el a\u00f1o son sufragados con fondos p\u00fablicos, lo que a su juicio \u201cconstituye una predica contradictoria porque por un lado lanzan campa\u00f1as donde le exigen a la ciudadan\u00eda controles y ser recatados, y por el otro el Gobierno hace lo opuesto. El gobernador puede en esta ocasi\u00f3n exigir lo que declara mediante ejemplo y s\u00e9 que debe estar consider\u00e1ndolo\u201d, manifest\u00f3.\u00a0<\/span><\/p>\n<p><span style=\"font-weight: 400;\">El representante puntualiz\u00f3 que, si bien Puerto Rico ha dado ejemplo mundial en inmunizaci\u00f3n con m\u00e1s del 75 por ciento de las personas h\u00e1biles inoculadas y con gu\u00edas de prevenci\u00f3n espec\u00edficas y bien conducidas, \u201cno debe bajar la guardia cuando se han reportado cifras tan alarmantes como m\u00e1s de 5,000 contagios para un solo d\u00eda\u201d.\u00a0\u00a0<\/span><\/p>\n<p><span style=\"font-weight: 400;\">A su vez, Rivera Madera manifest\u00f3 que la Corporaci\u00f3n para la Promoci\u00f3n como Destino (DMO), quien tiene entre sus funciones velar por el buen nombre de la industria tur\u00edstica fuera Puerto Rico, deber\u00eda expresar reservas con una actividad como esta, ya sea p\u00fablica o privada.\u00a0<\/span><\/p>\n<p><span style=\"font-weight: 400;\">\u201cSe podr\u00eda estar enviando un mensaje err\u00f3neo de que en nuestro pa\u00eds se puede hacer cualquier cosa y que la seguridad es secundaria. En el mundo, los pa\u00edses desarrollados giran en otra direcci\u00f3n cancelando sus festividades teniendo en cuenta que una actividad multitudinaria en estos momentos constituye un grave riesgo para los que participen\u201d, sentenci\u00f3 Rivera Madera.<\/span><\/p>\n<p><span style=\"font-weight: 400;\">El Legislador censur\u00f3 el argumento de los organizadores, quienes han destacado el hecho de que este evento ser\u00e1 trasmitido por la cadena de televisi\u00f3n ABC, ya que \u201cen lugar de darle tanta relevancia a la transmisi\u00f3n deber\u00edan darle prioridad al ABC de los protocolos y recomendaciones de las organizaciones de profesionales de la salud para evitar todo tipo de transmisi\u00f3n del Covid-19\u2019, concluy\u00f3.\u00a0<\/span><\/p>\n","protected":false},"excerpt":{"rendered":"<p>San Juan &#8211; El Representante Jos\u00e9 \u201cCheito\u201d Rivera Madera inst\u00f3 al gobernador Pedro Pierluisi a cancelar las actividades multitudinarias programadas con motivo de la celebraci\u00f3n de despedida de a\u00f1o. Esto ante las cifras r\u00e9cords en el aumento de contagios con coronavirus en el pa\u00eds. Rivera Madera, quien preside la Comisi\u00f3n de Turismo, expres\u00f3 que, \u201ces [&hellip;]<\/p>\n","protected":false},"author":5,"featured_media":3838,"comment_status":"open","ping_status":"open","sticky":false,"template":"","format":"standard","meta":{"footnotes":""},"categories":[2],"tags":[],"class_list":{"0":"post-3837","1":"post","2":"type-post","3":"status-publish","4":"format-standard","5":"has-post-thumbnail","7":"category-featured"},"aioseo_notices":[],"_links":{"self":[{"href":"https:\/\/wiac740.com\/index.php\/wp-json\/wp\/v2\/posts\/3837","targetHints":{"allow":["GET"]}}],"collection":[{"href":"https:\/\/wiac740.com\/index.php\/wp-json\/wp\/v2\/posts"}],"about":[{"href":"https:\/\/wiac740.com\/index.php\/wp-json\/wp\/v2\/types\/post"}],"author":[{"embeddable":true,"href":"https:\/\/wiac740.com\/index.php\/wp-json\/wp\/v2\/users\/5"}],"replies":[{"embeddable":true,"href":"https:\/\/wiac740.com\/index.php\/wp-json\/wp\/v2\/comments?post=3837"}],"version-history":[{"count":0,"href":"https:\/\/wiac740.com\/index.php\/wp-json\/wp\/v2\/posts\/3837\/revisions"}],"wp:featuredmedia":[{"embeddable":true,"href":"https:\/\/wiac740.com\/index.php\/wp-json\/wp\/v2\/media\/3838"}],"wp:attachment":[{"href":"https:\/\/wiac740.com\/index.php\/wp-json\/wp\/v2\/media?parent=3837"}],"wp:term":[{"taxonomy":"category","embeddable":true,"href":"https:\/\/wiac740.com\/index.php\/wp-json\/wp\/v2\/categories?post=3837"},{"taxonomy":"post_tag","embeddable":true,"href":"https:\/\/wiac740.com\/index.php\/wp-json\/wp\/v2\/tags?post=3837"}],"curies":[{"name":"wp","href":"https:\/\/api.w.org\/{rel}","templated":true}]}}