{"id":3840,"date":"2021-12-23T14:01:15","date_gmt":"2021-12-23T18:01:15","guid":{"rendered":"https:\/\/wiac740.com\/?p=3840"},"modified":"2021-12-23T14:25:42","modified_gmt":"2021-12-23T18:25:42","slug":"personas-a-partir-de-los-18-anos-podran-ingresar-al-negociado-de-la-policia-de-puerto-rico","status":"publish","type":"post","link":"https:\/\/wiac740.com\/index.php\/2021\/12\/23\/personas-a-partir-de-los-18-anos-podran-ingresar-al-negociado-de-la-policia-de-puerto-rico\/","title":{"rendered":"PODR\u00c1N FORMAR PARTE DE LA POLIC\u00cdA DESDE LOS 18 A\u00d1OS"},"content":{"rendered":"<p><b><\/b>El gobernador Pedro R. Pierluisi anunci\u00f3 la firma de varias medidas, entre las que se encuentra el\u00a0<b>Proyecto de la C\u00e1mara 578<\/b>, por medio del cual se enmend\u00f3 la Ley del Departamento de Seguridad P\u00fablica de Puerto\u00a0Rico y la Ley de Armas de Puerto\u00a0Rico, a fin de autorizar el ingreso de toda persona de 18 a\u00f1os o m\u00e1s al Negociado de la Polic\u00eda. La ley actual autorizaba el ingreso a la uniformada a partir de los 21 a\u00f1os.<b>\u00a0<\/b><\/p>\n<p>&nbsp;<\/p>\n<p>La medida \u2014que es parte del compromiso program\u00e1tico de la Administraci\u00f3n de Pierluisi\u2014 tambi\u00e9n extiende la edad m\u00e1xima de ingreso a la uniformada a 46 a\u00f1os, cuando actualmente es 39 a\u00f1os por reglamento; y extiende la edad m\u00e1xima de reingreso hasta 50 a\u00f1os.<\/p>\n<p>&nbsp;<\/p>\n<p>\u201cDesde antes de asumir el cargo que ocupo, reconoc\u00ed la necesidad de ingresar m\u00e1s polic\u00edas a nuestra Uniformada. Puerto Rico cuenta con personas talentosas y esmeradas que desde los 18 a\u00f1os ya tienen la capacidad y motivaci\u00f3n para ingresar al Negociado de la Polic\u00eda, por lo que queremos facilitar las herramientas para que as\u00ed puedan hacerlo. Esta medida nos ayudar\u00e1 a incrementar nuestra fuerza policiaca y poder llegar a la meta del comisionado Antonio L\u00f3pez y este servidor de reclutar unos 1,000 oficiales\u201d, sostuvo el gobernador.<\/p>\n<p>&nbsp;<\/p>\n<p>El estatuto garantiza que cada nuevo miembro del Negociado de la Polic\u00eda tenga como m\u00ednimo un grado asociado, el cual podr\u00e1 completar en el t\u00e9rmino de tres a\u00f1os a partir de que juramente como cadete (a partir del 1 de julio de 2021); y permite que un Agente del Negociado de la Polic\u00eda menor de 21 a\u00f1os sea elegible para solicitar una licencia de armas.<\/p>\n<p>&nbsp;<\/p>\n<p>Durante el d\u00eda de ayer cientos de polic\u00edas retirados obtuvieron el Plan Vital- el seguro m\u00e9dico del gobierno- \u00a0luego de que el gobernador Pierlusi impartiera instrucciones de identificar alrededor de $17 millones para poder incluir a estos exfuncionarios bajo la cubierta m\u00e9dica.<\/p>\n<p>&nbsp;<\/p>\n<p>\u201cComo he dicho, estoy comprometido con la labor que realizan nuestros polic\u00edas y con aquellos que ya no est\u00e1n en la fuerza policiaca, pero que dieron sus mejores a\u00f1os al servicio del pueblo. Adem\u00e1s de asegurarles que ning\u00fan retirado de la polic\u00eda carezca de plan m\u00e9dico, estoy trabajando para garantizar tambi\u00e9n que tengan un retiro digno como merecen\u201d, sostuvo el gobernador.<\/p>\n<p>&nbsp;<\/p>\n<p>Mientras, el gobernador tambi\u00e9n imparti\u00f3 su firma al\u00a0<b>Proyecto del Senado 48<\/b>\u00a0que crea la Oficina de Protecci\u00f3n y Defensa de las Personas con Impedimentos de Puerto Rico, la cual ser\u00e1 facultada para implantar las disposiciones aplicables de las leyes federales, seg\u00fan establece la Ley federal de Asistencia y Declaraci\u00f3n de Derechos sobre Discapacidades de Desarrollo del 2000. Esta medida es importante para garantizar fondos federales que se reciben para beneficio de esta poblaci\u00f3n.<\/p>\n<p>&nbsp;<\/p>\n<p>La oficina ser\u00e1 administrada por un director ejecutivo y gobernada por una junta de directores compuesta por once integrantes. Entre estos, dos personas con discapacidades, dos personas que sean padre, madre o tutor legal de personas con discapacidades, dos personas que sean representantes de fundaciones sin fines de lucro relacionadas con la poblaci\u00f3n de personas con discapacidades, una persona que sea integrante del Consejo Estatal de Personas con el Desarrollo y que sea recomendada por el pleno del Consejo y una persona del Instituto de Deficiencias del Desarrollo del Recinto de Ciencias M\u00e9dicas de la Universidad de Puerto\u00a0Rico. La Junta de Directores tambi\u00e9n contar\u00e1 con varios miembros que nombre el gobernador.<\/p>\n<p>&nbsp;<\/p>\n<p>Por otra parte, el\u00a0<b>Proyecto de la C\u00e1mara 820<\/b>\u00a0enmienda el Art\u00edculo 10.5 de la Ley de Veh\u00edculos y Tr\u00e1nsito de Puerto Rico para incluir el vit\u00edligo, la psoriasis y el albinismo entre las enfermedades que pueden obtener la renovaci\u00f3n de los permisos de tintes en los veh\u00edculos que pueden efectuarse en el t\u00e9rmino de seis a\u00f1os.<\/p>\n<p>&nbsp;<\/p>\n<p>La ley permite a las personas obtener una certificaci\u00f3n de un m\u00e9dico especialista si su condici\u00f3n de salud amerita el uso de tintes o cualquier otro material o producto en los cristales con el fin de protegerles de los rayos solares.<\/p>\n<p>&nbsp;<\/p>\n<p>En tanto, tambi\u00e9n firm\u00f3 la\u00a0<b>Resoluci\u00f3n Conjunta de la C\u00e1mara 122<\/b>\u00a0para designar la carretera PR-512 en jurisdicci\u00f3n de Juana D\u00edaz con el nombre de N\u00e9stor Luis Figueroa Lugo, en reconocimiento a su trayectoria profesional en los medios de comunicaci\u00f3n.<\/p>\n<p>&nbsp;<\/p>\n<p>Por \u00faltimo, el se convirti\u00f3 en ley el\u00a0<b>Proyecto del Senado 504<\/b>\u00a0que declara el segundo lunes del mes de mayo de cada a\u00f1o como el D\u00eda de los Empleados Municipales e inicia la conmemoraci\u00f3n de la Semana de los Empleados Municipales.<\/p>\n","protected":false},"excerpt":{"rendered":"<p>El gobernador Pedro R. Pierluisi anunci\u00f3 la firma de varias medidas, entre las que se encuentra el\u00a0Proyecto de la C\u00e1mara 578, por medio del cual se enmend\u00f3 la Ley del Departamento de Seguridad P\u00fablica de Puerto\u00a0Rico y la Ley de Armas de Puerto\u00a0Rico, a fin de autorizar el ingreso de toda persona de 18 a\u00f1os [&hellip;]<\/p>\n","protected":false},"author":5,"featured_media":3841,"comment_status":"open","ping_status":"open","sticky":false,"template":"","format":"standard","meta":{"footnotes":""},"categories":[2,23],"tags":[],"class_list":{"0":"post-3840","1":"post","2":"type-post","3":"status-publish","4":"format-standard","5":"has-post-thumbnail","7":"category-featured","8":"category-seguridad"},"aioseo_notices":[],"_links":{"self":[{"href":"https:\/\/wiac740.com\/index.php\/wp-json\/wp\/v2\/posts\/3840","targetHints":{"allow":["GET"]}}],"collection":[{"href":"https:\/\/wiac740.com\/index.php\/wp-json\/wp\/v2\/posts"}],"about":[{"href":"https:\/\/wiac740.com\/index.php\/wp-json\/wp\/v2\/types\/post"}],"author":[{"embeddable":true,"href":"https:\/\/wiac740.com\/index.php\/wp-json\/wp\/v2\/users\/5"}],"replies":[{"embeddable":true,"href":"https:\/\/wiac740.com\/index.php\/wp-json\/wp\/v2\/comments?post=3840"}],"version-history":[{"count":0,"href":"https:\/\/wiac740.com\/index.php\/wp-json\/wp\/v2\/posts\/3840\/revisions"}],"wp:featuredmedia":[{"embeddable":true,"href":"https:\/\/wiac740.com\/index.php\/wp-json\/wp\/v2\/media\/3841"}],"wp:attachment":[{"href":"https:\/\/wiac740.com\/index.php\/wp-json\/wp\/v2\/media?parent=3840"}],"wp:term":[{"taxonomy":"category","embeddable":true,"href":"https:\/\/wiac740.com\/index.php\/wp-json\/wp\/v2\/categories?post=3840"},{"taxonomy":"post_tag","embeddable":true,"href":"https:\/\/wiac740.com\/index.php\/wp-json\/wp\/v2\/tags?post=3840"}],"curies":[{"name":"wp","href":"https:\/\/api.w.org\/{rel}","templated":true}]}}