{"id":4087,"date":"2022-02-09T19:35:04","date_gmt":"2022-02-09T23:35:04","guid":{"rendered":"https:\/\/wiac740.com\/?p=4087"},"modified":"2022-02-09T19:35:04","modified_gmt":"2022-02-09T23:35:04","slug":"empresa-puertorriquena-bella-international-asume-compromiso-humanitario-y-economico-con-casa-cuna-de-san-juan","status":"publish","type":"post","link":"https:\/\/wiac740.com\/index.php\/2022\/02\/09\/empresa-puertorriquena-bella-international-asume-compromiso-humanitario-y-economico-con-casa-cuna-de-san-juan\/","title":{"rendered":"EMPRESA PUERTORRIQUE\u00d1A BELLA INTERNATIONAL ASUME COMPROMISO HUMANITARIO Y ECON\u00d3MICO CON CASA CUNA DE SAN JUAN"},"content":{"rendered":"<p dir=\"ltr\">Bella International, la \u00fanica empresa netamente puertorrique\u00f1a de distribuci\u00f3n automotriz, estableci\u00f3 una alianza moral y econ\u00f3mica con la Casa Cuna de San Juan a trav\u00e9s de un donativo econ\u00f3mico de trescientos mil d\u00f3lares para proveer servicios directos a los ni\u00f1os y ni\u00f1as residentes en la instituci\u00f3n municipal.<\/p>\n<p dir=\"ltr\">Con la aportaci\u00f3n de la empresa, realizada a la entidad Madrinas de Casa Cuna de San Juan, Inc., la administraci\u00f3n del hogar podr\u00e1 continuar su misi\u00f3n de atender las necesidades b\u00e1sicas, as\u00ed como el bienestar f\u00edsico y emocional de ni\u00f1as y ni\u00f1os entre las edades de 0 a 3 a\u00f1os, sobrevivientes de maltrato, negligencia o entrega voluntaria de custodia.<\/p>\n<p dir=\"ltr\">El alcalde de la Ciudad Capital, Miguel A. Romero Lugo, agradeci\u00f3 el compromiso filantr\u00f3pico de Bella Group y de su presidente, Carlos L\u00f3pez-Lay, quien dijo ejemplifica los m\u00e1s altos valores de compromiso social que una empresa debe promover.<\/p>\n<p dir=\"ltr\">\u201cLa Casa Cuna de San Juan es uno de los proyectos m\u00e1s importantes para el Municipio de San Juan, es pilar en el plan program\u00e1tico que hemos establecido para el desarrollo de nuestra ciudad. Gracias al trabajo que realiza su personal especializado en la conducta humana, cuidadoras, administradores, entre otros, ni\u00f1os y ni\u00f1as de todo Puerto Rico pueden tener una infancia segura y estable, con el prop\u00f3sito de que se conviertan en adultos plenos y felices. Este trabajo puede llevarse a cabo gracias al compromiso y desprendimiento de l\u00edderes, como Carlos L\u00f3pez-Lay y su empresa, quienes asumen un rol activo en la formaci\u00f3n de las presentes y futuras generaciones. Agradecemos su colaboraci\u00f3n con Casa Cuna, confiamos en que su donaci\u00f3n sea modelo a seguir para otros l\u00edderes y empresas locales\u201d, sentenci\u00f3 Romero Lugo.<\/p>\n<p dir=\"ltr\">Por su parte, la primera dama de la Ciudad Capital, Maritere Gonz\u00e1lez, record\u00f3 que Casa Cuna de San Juan es un proyecto administrado por el gobierno municipal, que atiende a una poblaci\u00f3n infantil que reside en la instituci\u00f3n y la cual llega a trav\u00e9s de la remoci\u00f3n de custodia que realiza el Departamento de la Familia, debido a alguna de las tipolog\u00edas de maltrato infantil, e incluso, en algunos casos, se trata de menores cuya custodia es entregada de forma voluntaria por sus progenitores o tutores legales. La instituci\u00f3n cuenta, tambi\u00e9n, con licencia de agencia de adopci\u00f3n.<\/p>\n<p dir=\"ltr\">\u201cCasa Cuna es un pilar para el desarrollo de ni\u00f1os y ni\u00f1as que han sido removidos de ambientes violentos e inseguros, en donde su vida y salud emocional esta en riesgo. Casa Cuna es una segunda oportunidad para que ellos tengan una vida en la que sean amados, respetados y cuidados. Desde la Oficina de la Primera Dama de San Juan continuamos identificando alternativas y recabando ayuda del sector privado para que se conviertan en herramientas de cambio social apoyando a nuestros ni\u00f1os y ni\u00f1as de Casa Cuna, sea a trav\u00e9s de tiempo voluntario, recursos educativos o donativos econ\u00f3micos, como lo hizo L\u00f3pez-Lay\u201d, manifest\u00f3 la primera dama.<\/p>\n<p dir=\"ltr\">Por su parte, Carlos L\u00f3pez-Lay destac\u00f3 que \u201cBella Group, sostiene su compromiso inquebrantable con Puerto Rico y donde haya necesidad all\u00ed estaremos. Casa Cuna requiere que le demos el respaldo humano y econ\u00f3mico para continuar atendiendo las necesidades de estos ni\u00f1os quienes merecen un mejor futuro. Conf\u00edo que con esta aportaci\u00f3n ayudemos a continuar moviendo a Puerto Rico\u201d.<\/p>\n<p dir=\"ltr\">La entrega de la primera parte del donativo, por la cantidad de setenta y cinco mil d\u00f3lares, se realiz\u00f3 en la tarde de ayer en la Casa Alcald\u00eda, en el Viejo San Juan, en donde estuvieron presentes, adem\u00e1s de Romero Lugo, Gonz\u00e1lez y L\u00f3pez-Lay; Lidya P\u00e9rez, directora de Casa Cuna; Marianela Mart\u00ednez, presidenta de Madrinas de Casa Cuna, y Mar\u00eda Isabel Esteve, vicepresidenta ejecutiva de la empresa Bella Group.<\/p>\n<p dir=\"ltr\">SOBRE BELLA GROUP<\/p>\n<p dir=\"ltr\">Con 58 a\u00f1os de historia, Bella Group, fundada en el a\u00f1o 1963, es la m\u00e1s grande y \u00fanica empresa local de distribuci\u00f3n automotriz a nivel de todo Puerto Rico, con una plantilla de m\u00e1s de 650 personas.<\/p>\n<p dir=\"ltr\">Son los representantes exclusivos para Puerto Rico y el Caribe de la distribuci\u00f3n de las marcas Honda, Acura y Mazda. Distribuyen adem\u00e1s motoras Honda, BMW, Triumph, MV Agusta, generadores, cortadoras de grama, m\u00e1quinas de presi\u00f3n de agua, bombas de agua Honda, veh\u00edculos todo terreno Honda y CF Moto. Son los due\u00f1os de los concesionarios Flagship que incluyen las marcas Chrysler, Jeep, Dodge, Ram, Volkswagen y Ford.<\/p>\n","protected":false},"excerpt":{"rendered":"<p>Bella International, la \u00fanica empresa netamente puertorrique\u00f1a de distribuci\u00f3n automotriz, estableci\u00f3 una alianza moral y econ\u00f3mica con la Casa Cuna de San Juan a trav\u00e9s de un donativo econ\u00f3mico de trescientos mil d\u00f3lares para proveer servicios directos a los ni\u00f1os y ni\u00f1as residentes en la instituci\u00f3n municipal. Con la aportaci\u00f3n de la empresa, realizada a [&hellip;]<\/p>\n","protected":false},"author":5,"featured_media":4088,"comment_status":"open","ping_status":"open","sticky":false,"template":"","format":"standard","meta":{"footnotes":""},"categories":[2,9],"tags":[],"class_list":{"0":"post-4087","1":"post","2":"type-post","3":"status-publish","4":"format-standard","5":"has-post-thumbnail","7":"category-featured","8":"category-gobierno"},"aioseo_notices":[],"_links":{"self":[{"href":"https:\/\/wiac740.com\/index.php\/wp-json\/wp\/v2\/posts\/4087","targetHints":{"allow":["GET"]}}],"collection":[{"href":"https:\/\/wiac740.com\/index.php\/wp-json\/wp\/v2\/posts"}],"about":[{"href":"https:\/\/wiac740.com\/index.php\/wp-json\/wp\/v2\/types\/post"}],"author":[{"embeddable":true,"href":"https:\/\/wiac740.com\/index.php\/wp-json\/wp\/v2\/users\/5"}],"replies":[{"embeddable":true,"href":"https:\/\/wiac740.com\/index.php\/wp-json\/wp\/v2\/comments?post=4087"}],"version-history":[{"count":0,"href":"https:\/\/wiac740.com\/index.php\/wp-json\/wp\/v2\/posts\/4087\/revisions"}],"wp:featuredmedia":[{"embeddable":true,"href":"https:\/\/wiac740.com\/index.php\/wp-json\/wp\/v2\/media\/4088"}],"wp:attachment":[{"href":"https:\/\/wiac740.com\/index.php\/wp-json\/wp\/v2\/media?parent=4087"}],"wp:term":[{"taxonomy":"category","embeddable":true,"href":"https:\/\/wiac740.com\/index.php\/wp-json\/wp\/v2\/categories?post=4087"},{"taxonomy":"post_tag","embeddable":true,"href":"https:\/\/wiac740.com\/index.php\/wp-json\/wp\/v2\/tags?post=4087"}],"curies":[{"name":"wp","href":"https:\/\/api.w.org\/{rel}","templated":true}]}}