{"id":4182,"date":"2022-02-22T15:08:32","date_gmt":"2022-02-22T19:08:32","guid":{"rendered":"https:\/\/wiac740.com\/?p=4182"},"modified":"2022-02-22T15:08:32","modified_gmt":"2022-02-22T19:08:32","slug":"gobernador-honra-a-policias-caidos-en-el-cumplimiento-del-deber","status":"publish","type":"post","link":"https:\/\/wiac740.com\/index.php\/2022\/02\/22\/gobernador-honra-a-policias-caidos-en-el-cumplimiento-del-deber\/","title":{"rendered":"GOBERNADOR HONRA A POLIC\u00cdAS CA\u00cdDOS EN EL CUMPLIMIENTO DEL DEBER"},"content":{"rendered":"<p style=\"text-align: left;\" align=\"center\"><span style=\"font-family: Arial, sans-serif; text-align: justify;\"><b>SAN JUAN <\/b>&#8211; En una emotiva ceremonia en la que se reconoci\u00f3 la vida de seis agentes del Negociado de la Polic\u00eda ca\u00eddos en el cumplimiento del deber, el gobernador de Puerto Rico, Pedro R. Pierluisi reiter\u00f3 su compromiso con la fuerza policiaca y reiter\u00f3 que contin\u00faa identificando los fondos necesarios para que cada polic\u00eda tenga el equipo que necesita para hacer su labor, para garantizar su retiro digno y para que cuente con acceso a cuidado m\u00e9dico.<\/span><\/p>\n<p style=\"text-align: justify; text-justify: inter-ideograph;\"><span style=\"font-family: 'Arial',sans-serif;\">\u00a0<\/span><\/p>\n<p style=\"text-align: justify; text-justify: inter-ideograph;\"><span style=\"font-family: 'Arial',sans-serif;\">\u201cJuntos en este d\u00eda recordamos a quienes dieron sus vidas en defensa de la seguridad de nuestra ciudadan\u00eda. Lloramos su p\u00e9rdida y oramos por sus familias quienes se sacrifican por Puerto Rico al prestarnos a sus seres queridos para esta labor importante\u201d, destac\u00f3 Pierluisi al honrar al teniente Juan Rivera Padua y a los sargentos Luis Marrero D\u00edaz- Juan Rosado L\u00f3pez-Erasmo Garc\u00eda Torres- Edwin Valentin Cordero y Jos\u00e9 Ferrer Pab\u00f3n.<\/span><\/p>\n<p style=\"text-align: justify; text-justify: inter-ideograph;\"><span style=\"font-family: 'Arial',sans-serif;\">El gobernador se uni\u00f3 al dolor que embarga a los familiares de los polic\u00edas ca\u00eddos en el deber pues conoce \u201cen carne propia la p\u00e9rdida de un ser querido a manos de un criminal\u201d. \u201cConocemos el vac\u00edo y la pena que embarga a nuestro pueblo cuando sufrimos la muerte de uno de los nuestros.\u00a0 Es una p\u00e9rdida irreparable. Son h\u00e9roes para sus familias, son h\u00e9roes para sus compa\u00f1eros y son h\u00e9roes para m\u00ed y para todo el pueblo de Puerto Rico\u201d, reconoci\u00f3.<\/span><\/p>\n<p style=\"text-align: justify; text-justify: inter-ideograph;\"><span style=\"font-family: 'Arial',sans-serif;\">Precisamente al conocer el dolor de los familiares de cerca, el gobernador record\u00f3 que, desde sus tiempos como secretario de Justicia, en la d\u00e9cada de 1990, ha llevado una lucha f\u00e9rrea para combatir la violencia y el crimen en Puerto Rico.<\/span><\/p>\n<p style=\"text-align: justify; text-justify: inter-ideograph;\"><span style=\"font-family: 'Arial',sans-serif;\">\u201cComo gobernador estoy a\u00fan m\u00e1s que comprometido con nuestra fuerza policiaca, fomentando la colaboraci\u00f3n de nuestra polic\u00eda con las agencias de ley y orden federales y estatales, asegurando que identificamos los fondos necesarios para que cada polic\u00eda tenga el equipo que necesita para hacer su labor, y logrando mejorar sus pensiones y su acceso a cuidado m\u00e9dico. Les debemos eso y m\u00e1s\u201d, reiter\u00f3 Pierluisi quien durante su tiempo en el Congreso logr\u00f3 que Puerto Rico recibiera mayores recursos de parte del gobierno federal con miras a reducir la criminalidad. <\/span><\/p>\n<p style=\"text-align: justify; text-justify: inter-ideograph;\"><span style=\"font-family: 'Arial',sans-serif;\">\u00a0<\/span><\/p>\n<p style=\"text-align: justify; text-justify: inter-ideograph;\"><span style=\"font-family: 'Arial',sans-serif;\">Por \u00faltimo, el gobernador inst\u00f3 a la ciudadan\u00eda a promover, en conjunto con el gobierno, el respeto a la vida, la responsabilidad ciudadana, el civismo y nuestra adhesi\u00f3n total a los principios democr\u00e1ticos que nos unen. <\/span><\/p>\n<p style=\"text-align: justify; text-justify: inter-ideograph;\"><b><span style=\"font-family: 'Arial',sans-serif;\">\u00a0<\/span><\/b><\/p>\n","protected":false},"excerpt":{"rendered":"<p>SAN JUAN &#8211; En una emotiva ceremonia en la que se reconoci\u00f3 la vida de seis agentes del Negociado de la Polic\u00eda ca\u00eddos en el cumplimiento del deber, el gobernador de Puerto Rico, Pedro R. Pierluisi reiter\u00f3 su compromiso con la fuerza policiaca y reiter\u00f3 que contin\u00faa identificando los fondos necesarios para que cada polic\u00eda [&hellip;]<\/p>\n","protected":false},"author":5,"featured_media":4183,"comment_status":"open","ping_status":"open","sticky":false,"template":"","format":"standard","meta":{"footnotes":""},"categories":[2,9],"tags":[],"class_list":{"0":"post-4182","1":"post","2":"type-post","3":"status-publish","4":"format-standard","5":"has-post-thumbnail","7":"category-featured","8":"category-gobierno"},"aioseo_notices":[],"_links":{"self":[{"href":"https:\/\/wiac740.com\/index.php\/wp-json\/wp\/v2\/posts\/4182","targetHints":{"allow":["GET"]}}],"collection":[{"href":"https:\/\/wiac740.com\/index.php\/wp-json\/wp\/v2\/posts"}],"about":[{"href":"https:\/\/wiac740.com\/index.php\/wp-json\/wp\/v2\/types\/post"}],"author":[{"embeddable":true,"href":"https:\/\/wiac740.com\/index.php\/wp-json\/wp\/v2\/users\/5"}],"replies":[{"embeddable":true,"href":"https:\/\/wiac740.com\/index.php\/wp-json\/wp\/v2\/comments?post=4182"}],"version-history":[{"count":0,"href":"https:\/\/wiac740.com\/index.php\/wp-json\/wp\/v2\/posts\/4182\/revisions"}],"wp:featuredmedia":[{"embeddable":true,"href":"https:\/\/wiac740.com\/index.php\/wp-json\/wp\/v2\/media\/4183"}],"wp:attachment":[{"href":"https:\/\/wiac740.com\/index.php\/wp-json\/wp\/v2\/media?parent=4182"}],"wp:term":[{"taxonomy":"category","embeddable":true,"href":"https:\/\/wiac740.com\/index.php\/wp-json\/wp\/v2\/categories?post=4182"},{"taxonomy":"post_tag","embeddable":true,"href":"https:\/\/wiac740.com\/index.php\/wp-json\/wp\/v2\/tags?post=4182"}],"curies":[{"name":"wp","href":"https:\/\/api.w.org\/{rel}","templated":true}]}}