{"id":4230,"date":"2022-03-07T17:24:54","date_gmt":"2022-03-07T21:24:54","guid":{"rendered":"https:\/\/wiac740.com\/?p=4230"},"modified":"2022-03-07T17:24:54","modified_gmt":"2022-03-07T21:24:54","slug":"representante-jocelyne-rodriguez-negron-comienza-semana-de-la-mujer-con-reconocimiento-a-trabajadoras-del-area-de-mayaguez","status":"publish","type":"post","link":"https:\/\/wiac740.com\/index.php\/2022\/03\/07\/representante-jocelyne-rodriguez-negron-comienza-semana-de-la-mujer-con-reconocimiento-a-trabajadoras-del-area-de-mayaguez\/","title":{"rendered":"Representante Jocelyne Rodr\u00edguez Negr\u00f3n comienza Semana de la Mujer con reconocimiento a trabajadoras del \u00e1rea de Mayag\u00fcez"},"content":{"rendered":"<p><span style=\"font-weight: 400;\">Con la participaci\u00f3n de sobre 100 mujeres que incorporan la fuerza laboral del pa\u00eds, la representante Jocelyne Rodr\u00edguez Negr\u00f3n, presidenta de la Comisi\u00f3n de Asuntos de la Mujer, inici\u00f3 la conmemoraci\u00f3n de la Semana de la Mujer con la actividad \u201cMujer Sin L\u00edmites\u201d en el Teatro Yag\u00fcez, en Mayag\u00fcez.<\/span><\/p>\n<p><span style=\"font-weight: 400;\">Durante el evento fueron reconocidas trabajadoras que ostentan profesiones que t\u00edpicamente nos son dominadas por f\u00e9minas, como parte de un llamado de la C\u00e1mara de Representantes para eliminar los estereotipos y las etiquetas contra las mujeres en los empleos.<\/span><\/p>\n<p><span style=\"font-weight: 400;\">Polic\u00edas, bomberas, param\u00e9dicas, encargadas de servicios comunitarios, agr\u00f3nomas, entre otras, incorporaron el nutrido grupo de mujeres mayag\u00fcezanas que recibieron una distinci\u00f3n por parte de la legisladora.<\/span><\/p>\n<p><span style=\"font-weight: 400;\">\u201cHoy damos comienzo a la Semana de la Mujer en la C\u00e1mara de Representantes con el reconocimiento de estas mujeres trabajadoras, cuya labor es imprescindible para vivir en una sociedad cada d\u00eda m\u00e1s equitativa. Aspiramos a que cada mujer puertorrique\u00f1a viva sin l\u00edmites, y resalte en la profesi\u00f3n que le apasiona sin importar los estereotipos sociales\u201d, expres\u00f3 la representante por el Distrito 19 de Mayag\u00fcez y San Germ\u00e1n.<\/span><\/p>\n<p><span style=\"font-weight: 400;\">\u201cComo presidenta de la Comisi\u00f3n de Asuntos de la Mujer, me honra poder reconocer a estas mujeres valientes, que decidieron romper con los estereotipos y las etiquetas que muchas veces nos impone la sociedad\u201d, manifest\u00f3 Rodr\u00edguez Negr\u00f3n.<\/span><\/p>\n<p><span style=\"font-weight: 400;\">Adem\u00e1s del reconocimiento, las participantes contaron con una charla ofrecida por la Procuradora de las Mujeres, Lersy Boria, acerca de las se\u00f1ales de violencia de g\u00e9nero y planes de escape. Tambi\u00e9n recibieron talleres sobre belleza, autoestima y prevenci\u00f3n del suicidio.<\/span><\/p>\n<p><span style=\"font-weight: 400;\">Rodr\u00edguez Negr\u00f3n continuar\u00e1 los eventos en conmemoraci\u00f3n de la Semana de la Mujer ma\u00f1ana, D\u00eda Internacional de la Mujer, con una Sesi\u00f3n Especial en el Hemiciclo de la C\u00e1mara para reconocer a mujeres destacadas de todo el pa\u00eds.<\/span><\/p>\n","protected":false},"excerpt":{"rendered":"<p>Con la participaci\u00f3n de sobre 100 mujeres que incorporan la fuerza laboral del pa\u00eds, la representante Jocelyne Rodr\u00edguez Negr\u00f3n, presidenta de la Comisi\u00f3n de Asuntos de la Mujer, inici\u00f3 la conmemoraci\u00f3n de la Semana de la Mujer con la actividad \u201cMujer Sin L\u00edmites\u201d en el Teatro Yag\u00fcez, en Mayag\u00fcez. Durante el evento fueron reconocidas trabajadoras [&hellip;]<\/p>\n","protected":false},"author":5,"featured_media":4232,"comment_status":"open","ping_status":"open","sticky":false,"template":"","format":"standard","meta":{"footnotes":""},"categories":[2,20],"tags":[],"class_list":{"0":"post-4230","1":"post","2":"type-post","3":"status-publish","4":"format-standard","5":"has-post-thumbnail","7":"category-featured","8":"category-laborales"},"aioseo_notices":[],"_links":{"self":[{"href":"https:\/\/wiac740.com\/index.php\/wp-json\/wp\/v2\/posts\/4230","targetHints":{"allow":["GET"]}}],"collection":[{"href":"https:\/\/wiac740.com\/index.php\/wp-json\/wp\/v2\/posts"}],"about":[{"href":"https:\/\/wiac740.com\/index.php\/wp-json\/wp\/v2\/types\/post"}],"author":[{"embeddable":true,"href":"https:\/\/wiac740.com\/index.php\/wp-json\/wp\/v2\/users\/5"}],"replies":[{"embeddable":true,"href":"https:\/\/wiac740.com\/index.php\/wp-json\/wp\/v2\/comments?post=4230"}],"version-history":[{"count":0,"href":"https:\/\/wiac740.com\/index.php\/wp-json\/wp\/v2\/posts\/4230\/revisions"}],"wp:featuredmedia":[{"embeddable":true,"href":"https:\/\/wiac740.com\/index.php\/wp-json\/wp\/v2\/media\/4232"}],"wp:attachment":[{"href":"https:\/\/wiac740.com\/index.php\/wp-json\/wp\/v2\/media?parent=4230"}],"wp:term":[{"taxonomy":"category","embeddable":true,"href":"https:\/\/wiac740.com\/index.php\/wp-json\/wp\/v2\/categories?post=4230"},{"taxonomy":"post_tag","embeddable":true,"href":"https:\/\/wiac740.com\/index.php\/wp-json\/wp\/v2\/tags?post=4230"}],"curies":[{"name":"wp","href":"https:\/\/api.w.org\/{rel}","templated":true}]}}