{"id":4341,"date":"2022-03-29T18:46:58","date_gmt":"2022-03-29T22:46:58","guid":{"rendered":"https:\/\/wiac740.com\/?p=4341"},"modified":"2022-03-29T18:46:58","modified_gmt":"2022-03-29T22:46:58","slug":"reclaman-cambios-ante-la-realidad-de-las-personas-sin-hogar","status":"publish","type":"post","link":"https:\/\/wiac740.com\/index.php\/2022\/03\/29\/reclaman-cambios-ante-la-realidad-de-las-personas-sin-hogar\/","title":{"rendered":"Reclaman cambios ante la realidad de las personas sin hogar"},"content":{"rendered":"<p>La Comisi\u00f3n de Iniciativas Comunitarias, Salud Mental y Adici\u00f3n \u2013presidida por el senador independiente Jos\u00e9 A. \u201cChaco\u201d Vargas Vidot\u2013 comenz\u00f3 hoy la jornada de vistas p\u00fablicas sobre el Proyecto del Senado 778 que busca\u00a0<b>formular un plan estatal de abordaje al sinhogarismo para erradicar y prevenir este fen\u00f3meno.\u00a0<\/b>La discusi\u00f3n durante la vista p\u00fablica gir\u00f3 en torno a que existen m\u00faltiples barreras a nivel gubernamental que propician que la cronicidad de personas en las calles se intensifique.<\/p>\n<p>&nbsp;<\/p>\n<p>La medida, de autor\u00eda de Vargas Vidot surge ante la insuficiencia de los esfuerzos gubernamentales para atender a las personas sin hogar en Puerto Rico. Asimismo, busca atajar el trabajo que qued\u00f3 relegado por la inactividad del Concilio Multisectorial en apoyo a la Poblaci\u00f3n Sin Hogar, que actualmente est\u00e1 adscrito a la\u00a0Administraci\u00f3n de Servicios de Salud Mental y Contra la Adicci\u00f3n\u00a0(ASSMCA).<\/p>\n<p>&nbsp;<\/p>\n<p>Ante eso, la directora ejecutiva de la organizaci\u00f3n Iniciativa Comunitaria, Yorelys Rivera Amador, indic\u00f3 que hay personas que han vivido en la calle durante muchos a\u00f1os y que no logran tener vivienda segura porque existe \u201cuna telara\u00f1a de barreras\u201d que no se pueden sobrepasar. Por ejemplo, estableci\u00f3 que algunos programas de vivienda o albergues deniegan la entrada de personas sin hogar que se encuentren bajo tratamientos de detoxificaci\u00f3n. De esta forma, la persona tendr\u00eda que renunciar a su medicamento (lo que podr\u00eda ocasionar recurrencias en el uso de sustancias) o a alcanzar un techo seguro. Rivera Amador reiter\u00f3 que otros factores que propician el sinhogarismo es la falta de protocolos de reinserci\u00f3n social productiva para las personas que salen de instituciones penales y el discrimen rampante que enfrentan las personas trans sin hogar en los albergues de emergencia. De igual forma, critic\u00f3 que los servicios a personas sin hogar en el gobierno est\u00e1n limitados a horarios laborales que no se atemperan a la realidad en la calle.<\/p>\n<p>&nbsp;<\/p>\n<p>Por su parte, Jos\u00e9 Alvarado, profesor, psic\u00f3logo y director del programa de tratamiento a consumidores de sustancias\u00a0PITIRRE,\u00a0mencion\u00f3 que las personas sin hogar tienen que recurrir a m\u00faltiples agencias de gobierno para acceder a servicios aun cuando no poseen ning\u00fan tipo de transportaci\u00f3n ni documentaci\u00f3n. Alvarado argument\u00f3 que el sinhogarismo no se resuelve con proveer un techo, sino que hay que asegurar la reinserci\u00f3n social productiva con servicios continuos de salud f\u00edsica y mental. Mientras, desde su experiencia como agente de la Polic\u00eda, Wilfredo Galarza inform\u00f3 que ha atestiguado grandes manifestaciones de prejuicios hacia las personas sin hogar.<\/p>\n<p>&nbsp;<\/p>\n<p>\u201cSeguimos ratificando la necesidad que existe en la calle. Los deponentes en la vista de hoy reclaman cambios porque tanto las personas sin hogar, como las organizaciones que las atienden est\u00e1n agotadas de que haya tantos escollos. Est\u00e1n pidiendo\u00a0acceso a tratamientos, que haya programas de vivienda con cero requisitos para las personas sin hogar, que las agencias que proveen servicios salgan y conozcan, verdaderamente, lo que se vive en la calle y que se eliminen los estigmas. El sinhogarismo es muy complejo y lo que estamos haciendo en el gobierno es fragmentado y no es suficiente. La idea del Concilio Multisectorial, aunque bien intencionada, no funcion\u00f3, por lo que hay que establecer otro mecanismo para que el gobierno asuma su responsabilidad con las personas sin hogar. Por eso, insistimos en que haya pol\u00edtica p\u00fablica concertada para atender el sinhogarismo y estamos haciendo un trabajo de comisi\u00f3n para que nuestra propuesta (el proyecto del Senado 778) se nutra y se robustezca\u201d, expres\u00f3 Vargas Vidot.<\/p>\n<p>Las vistas p\u00fablicas sobre el Proyecto del Senado 778 continuar\u00e1n ma\u00f1ana, mi\u00e9rcoles 30 de marzo con las ponencias de los Departamentos de Familia y Vivienda, la\u00a0Administraci\u00f3n de Seguros de Salud (ASES) y el Departamento de Desarrollo Econ\u00f3mico y Comercio (DDEC).<\/p>\n","protected":false},"excerpt":{"rendered":"<p>La Comisi\u00f3n de Iniciativas Comunitarias, Salud Mental y Adici\u00f3n \u2013presidida por el senador independiente Jos\u00e9 A. \u201cChaco\u201d Vargas Vidot\u2013 comenz\u00f3 hoy la jornada de vistas p\u00fablicas sobre el Proyecto del Senado 778 que busca\u00a0formular un plan estatal de abordaje al sinhogarismo para erradicar y prevenir este fen\u00f3meno.\u00a0La discusi\u00f3n durante la vista p\u00fablica gir\u00f3 en torno [&hellip;]<\/p>\n","protected":false},"author":5,"featured_media":4342,"comment_status":"open","ping_status":"open","sticky":false,"template":"","format":"standard","meta":{"footnotes":""},"categories":[2],"tags":[],"class_list":{"0":"post-4341","1":"post","2":"type-post","3":"status-publish","4":"format-standard","5":"has-post-thumbnail","7":"category-featured"},"aioseo_notices":[],"_links":{"self":[{"href":"https:\/\/wiac740.com\/index.php\/wp-json\/wp\/v2\/posts\/4341","targetHints":{"allow":["GET"]}}],"collection":[{"href":"https:\/\/wiac740.com\/index.php\/wp-json\/wp\/v2\/posts"}],"about":[{"href":"https:\/\/wiac740.com\/index.php\/wp-json\/wp\/v2\/types\/post"}],"author":[{"embeddable":true,"href":"https:\/\/wiac740.com\/index.php\/wp-json\/wp\/v2\/users\/5"}],"replies":[{"embeddable":true,"href":"https:\/\/wiac740.com\/index.php\/wp-json\/wp\/v2\/comments?post=4341"}],"version-history":[{"count":0,"href":"https:\/\/wiac740.com\/index.php\/wp-json\/wp\/v2\/posts\/4341\/revisions"}],"wp:featuredmedia":[{"embeddable":true,"href":"https:\/\/wiac740.com\/index.php\/wp-json\/wp\/v2\/media\/4342"}],"wp:attachment":[{"href":"https:\/\/wiac740.com\/index.php\/wp-json\/wp\/v2\/media?parent=4341"}],"wp:term":[{"taxonomy":"category","embeddable":true,"href":"https:\/\/wiac740.com\/index.php\/wp-json\/wp\/v2\/categories?post=4341"},{"taxonomy":"post_tag","embeddable":true,"href":"https:\/\/wiac740.com\/index.php\/wp-json\/wp\/v2\/tags?post=4341"}],"curies":[{"name":"wp","href":"https:\/\/api.w.org\/{rel}","templated":true}]}}