{"id":4401,"date":"2022-04-09T10:24:00","date_gmt":"2022-04-09T14:24:00","guid":{"rendered":"https:\/\/wiac740.com\/?p=4401"},"modified":"2022-04-09T10:24:00","modified_gmt":"2022-04-09T14:24:00","slug":"anuncian-reapertura-de-calle-fortaleza-en-el-viejo-san-juan","status":"publish","type":"post","link":"https:\/\/wiac740.com\/index.php\/2022\/04\/09\/anuncian-reapertura-de-calle-fortaleza-en-el-viejo-san-juan\/","title":{"rendered":"ANUNCIAN REAPERTURA DE CALLE FORTALEZA EN EL VIEJO SAN JUAN"},"content":{"rendered":"<p><strong>SAN JUAN\u00a0 \u2013<\/strong> El alcalde de la Ciudad Capital, Miguel A. Romero Lugo, inform\u00f3 que a partir de hoy, hasta el pr\u00f3ximo 19 de abril de 2022, se reabrir\u00e1 el tr\u00e1nsito en la calle Fortaleza como parte del plan de seguridad y tr\u00e1nsito establecido por motivo de la Semana Santa.<\/p>\n<p>&nbsp;<\/p>\n<p>El pasado 30 de marzo de 2022 se iniciaron las obras de rehabilitaci\u00f3n de la calle Fortaleza, como parte de la primera fase del proyecto Tus Calles Al D\u00eda. Con estos trabajos se establecieron cambios en el tr\u00e1nsito vehicular en la ciudad amurallada, espec\u00edficamente, en la Calle Fortaleza en su tramo entre la Calle Tanca y la Calle O\u2019Donnell.<\/p>\n<p>&nbsp;<\/p>\n<p>\u201cEl Viejo San Juan es una zona tur\u00edstica, y en la conmemoraci\u00f3n de la semana mayor el turismo regular as\u00ed como el\u00a0 religioso y la peregrinaci\u00f3n por los siete monumentos aumenta. Dado el alto volumen de visitantes que esperamos durante la semana del 9 al 18 de abril, realizamos una evaluaci\u00f3n\u00a0 y\u00a0 le hemos solicitado al contratista que abra la calle hoy, para facilitar el tr\u00e1nsito vehicular y peatonal, garantizando la protecci\u00f3n de las obras iniciadas y el bienestar de los residentes y turistas. El martes, 19 de abril volveremos a cerrar la misma para retomar los trabajos\u201d, expres\u00f3 el ejecutivo municipal.<\/p>\n<p>&nbsp;<\/p>\n<p>Romero Lugo exhort\u00f3 a los ciudadanos a disfrutar la Semana Santa velando por la salud y seguridad de todos, al tiempo que\u00a0 extendi\u00f3 una invitaci\u00f3n para que apoyen a los comerciantes del Viejo San Juan, as\u00ed como a los restaurantes y zonas de entretenimiento\u00a0 y esparcimiento ubicados en la capital.<\/p>\n<p>&nbsp;<\/p>\n<p>El proyecto de rehabilitaci\u00f3n de la calle Fortaleza es parte de Tus Calles Al D\u00eda, la mayor iniciativa de reparaci\u00f3n y repavimentaci\u00f3n en la historia de San Juan con una inversi\u00f3n total de unos $26 millones. En el caso particular de la calle Fortaleza, la cual fue anunciada el pasado mes de enero, se da\u00a0 gracias a una inversi\u00f3n de $3,800,000.00 provenientes del programa CDBG-DR City Revitalization. Dividido en fases, incluye entre otras cosas el reemplazo de adoquines contempor\u00e1neos; reparaciones a las aceras y rampas de accesos e instalaci\u00f3n de dispositivos de seguridad vial. El reemplazo de la instalaci\u00f3n de pavimentos adoquinados se har\u00e1 con materiales en cumplimiento con los est\u00e1ndares federales y estatales para v\u00edas de alto tr\u00e1fico pero observando, adem\u00e1s, el cumplimiento con las regulaciones concernientes a las zonas hist\u00f3ricas designadas en Puerto Rico, seg\u00fan lo establece el Instituto de Cultura Puertorrique\u00f1a, la Oficina de Patrimonio Hist\u00f3rico Edificado y la Oficina Estatal de Conservaci\u00f3n Hist\u00f3rica.<\/p>\n","protected":false},"excerpt":{"rendered":"<p>SAN JUAN\u00a0 \u2013 El alcalde de la Ciudad Capital, Miguel A. Romero Lugo, inform\u00f3 que a partir de hoy, hasta el pr\u00f3ximo 19 de abril de 2022, se reabrir\u00e1 el tr\u00e1nsito en la calle Fortaleza como parte del plan de seguridad y tr\u00e1nsito establecido por motivo de la Semana Santa. &nbsp; El pasado 30 de [&hellip;]<\/p>\n","protected":false},"author":5,"featured_media":4402,"comment_status":"open","ping_status":"open","sticky":false,"template":"","format":"standard","meta":{"footnotes":""},"categories":[2,36],"tags":[],"class_list":{"0":"post-4401","1":"post","2":"type-post","3":"status-publish","4":"format-standard","5":"has-post-thumbnail","7":"category-featured","8":"category-transportacion"},"aioseo_notices":[],"_links":{"self":[{"href":"https:\/\/wiac740.com\/index.php\/wp-json\/wp\/v2\/posts\/4401","targetHints":{"allow":["GET"]}}],"collection":[{"href":"https:\/\/wiac740.com\/index.php\/wp-json\/wp\/v2\/posts"}],"about":[{"href":"https:\/\/wiac740.com\/index.php\/wp-json\/wp\/v2\/types\/post"}],"author":[{"embeddable":true,"href":"https:\/\/wiac740.com\/index.php\/wp-json\/wp\/v2\/users\/5"}],"replies":[{"embeddable":true,"href":"https:\/\/wiac740.com\/index.php\/wp-json\/wp\/v2\/comments?post=4401"}],"version-history":[{"count":0,"href":"https:\/\/wiac740.com\/index.php\/wp-json\/wp\/v2\/posts\/4401\/revisions"}],"wp:featuredmedia":[{"embeddable":true,"href":"https:\/\/wiac740.com\/index.php\/wp-json\/wp\/v2\/media\/4402"}],"wp:attachment":[{"href":"https:\/\/wiac740.com\/index.php\/wp-json\/wp\/v2\/media?parent=4401"}],"wp:term":[{"taxonomy":"category","embeddable":true,"href":"https:\/\/wiac740.com\/index.php\/wp-json\/wp\/v2\/categories?post=4401"},{"taxonomy":"post_tag","embeddable":true,"href":"https:\/\/wiac740.com\/index.php\/wp-json\/wp\/v2\/tags?post=4401"}],"curies":[{"name":"wp","href":"https:\/\/api.w.org\/{rel}","templated":true}]}}