{"id":4565,"date":"2022-04-28T14:27:10","date_gmt":"2022-04-28T18:27:10","guid":{"rendered":"https:\/\/wiac740.com\/?p=4565"},"modified":"2022-04-28T14:27:10","modified_gmt":"2022-04-28T18:27:10","slug":"celebran-convencion-de-manejo-de-emergencias-2022","status":"publish","type":"post","link":"https:\/\/wiac740.com\/index.php\/2022\/04\/28\/celebran-convencion-de-manejo-de-emergencias-2022\/","title":{"rendered":"CELEBRAN CONVENCI\u00d3N DE MANEJO DE EMERGENCIAS 2022"},"content":{"rendered":"<p><strong>SAN JUAN<\/strong> \u2013 El Negociado para el Manejo de Emergencias y Administraci\u00f3n de Desastres (NMEAD), adscrito al Departamento de Seguridad P\u00fablica (DSP), llev\u00f3 a cabo su Convenci\u00f3n de Manejo de Emergencias 2022, en la que particip\u00f3 el gobernador, Pedro R. Pierluisi, as\u00ed como personal del sector p\u00fablico y privado, para continuar trabajando en coordinaci\u00f3n para estar preparados en caso de una emergencia.<\/p>\n<p>&nbsp;<\/p>\n<p>\u201cLuego de las experiencias que hemos tenido, ahora Puerto Rico est\u00e1 en otra etapa.\u00a0 Nos ha tocado a todos aplicar las lecciones aprendidas y asegurar que estamos mejor preparados para eventos futuros. No podemos darnos el lujo de fallarle a nuestra gente y durante el pasado a\u00f1o y medio hemos estado en continua pr\u00e1ctica.\u00a0 Hemos enfrentado avisos de tormenta que, gracias a Dios, no se materializaron, as\u00ed como eventos de lluvia que causaron grandes da\u00f1os en varios municipios. Al mismo tiempo, el DSP y el Negociado de Manejo de Emergencias han trabajado rescates, fuegos y otros eventos que ponen a prueba nuestros sistemas y nos ayudan a hacer los ajustes necesarios para siempre buscar la mejor respuesta para nuestro pueblo\u201d, coment\u00f3 Pierluisi.<\/p>\n<p>&nbsp;<\/p>\n<p>\u201cEn vez de esperar a unos meses antes de la temporada de huracanes para comenzar los preparativos, hemos mantenido un continuo programa de acciones a favor de la respuesta del gobierno a las emergencias. Asimismo, hemos mantenido una buena comunicaci\u00f3n con la Asamblea Legislativa para que est\u00e9n informados sobre nuestros planes\u201d, a\u00f1adi\u00f3 el primer mandatario quien resalt\u00f3 la importancia de que el Gobierno tiene pol\u00edticas claras de regionalizaci\u00f3n y municipalizaci\u00f3n, pues las oficinas regionales del gobierno y los municipios son el primer frente de respuesta, y necesitan recursos y coordinaci\u00f3n efectiva con el gobierno central.<\/p>\n<p>&nbsp;<\/p>\n<p>Por su parte, el secretario del DSP, Alexis Torres, inform\u00f3 que como parte de los trabajos de la convenci\u00f3n ayer el enfoque principal fue el sector privado mientras que hoy el p\u00fablico principal fue personal de las agencias del Gobierno.<\/p>\n<p>&nbsp;<\/p>\n<p>\u201cPor primera vez, en la convenci\u00f3n se destina un d\u00eda completo para trabajar en conjunto con el sector privado. Si algo reconocemos es que el gobierno no puede trabajar independiente. Trabajamos en coordinaci\u00f3n con el sector privado para poder suplir las necesidades m\u00e1s apremiantes para la ciudadan\u00eda en ese tr\u00e1gico momento. El que continuemos trabajando juntos y en coordinaci\u00f3n, nos ayudar\u00e1 en caso de una futura emergencia\u201d, manifest\u00f3 Torres.<\/p>\n<p>&nbsp;<\/p>\n<p>El comisionado del NMEAD, Nino Correa Filomeno, destac\u00f3 que el primer d\u00eda, participaron de la convenci\u00f3n el secretario de Estado, Omar Marrero, y el secretario del Departamento de Desarrollo Econ\u00f3mico y Comercio (DDEC), Manuel Cidre. Tambi\u00e9n, representantes de los sectores de la banca y finanzas, telecomunicaciones, salud y salud p\u00fablica, industria de alimentos, energ\u00eda, farmac\u00e9uticas, turismo y hoteles. Asimismo, manufactura cr\u00edtica y transportaci\u00f3n. Tambi\u00e9n se integra la Agencia Federal para el Manejo de Emergencias (FEMA) y la Agencia de Seguridad de Infraestructura y Ciberseguridad (CISA, por sus siglas en ingl\u00e9s). Igualmente participaron l\u00edderes de los \u201ccommunity hubs\u201d.<\/p>\n<p>&nbsp;<\/p>\n<p>El segundo d\u00eda fue enfocado en los jefes de agencia y los coordinadores interagenciales, al igual que personal del Servicio Nacional de Meteorolog\u00eda y de la Red S\u00edsmica de Puerto Rico, entre otros.<\/p>\n<p>&nbsp;<\/p>\n<p>\u201cLa preparaci\u00f3n no le toca solamente al gobierno central. En los \u00faltimos cinco a\u00f1os, nos ha tocado vivir varias emergencias que nos han ense\u00f1ado que nuestros l\u00edderes comunitarios y vecinos se convierten muchas veces en los primeros respondedores asistiendo alguna situaci\u00f3n en su comunidad. Trabajamos en conjunto con ellos, con agencias estatales y federales, con los alcaldes y con el sector privado porque el trabajo en equipo es el que hace la diferencia\u201d, se\u00f1al\u00f3 Correa Filomeno.<\/p>\n<p>&nbsp;<\/p>\n<p>Por su parte, el coordinador de la oficina del Caribe de FEMA, Orlando Olivera, destac\u00f3 que en la agencia \u201ctenemos un compromiso con el Gobierno de Puerto Rico de proveerle los recursos que necesita para fortalecer sus esfuerzos de preparaci\u00f3n para responder a todo tipo de emergencia. En nuestra oficina en la Regi\u00f3n de Nueva York y la Oficina del Caribe de FEMA estamos enfocados en mantener una postura de preparaci\u00f3n que acoja a todos los sectores de nuestras comunidades, incluyendo al sector privado. Las lecciones aprendidas tras el paso del hurac\u00e1n Mar\u00eda, nos se\u00f1alan que la colaboraci\u00f3n apropiada entre todos los sectores nos ayudar\u00e1 a responder mejor y a reponernos m\u00e1s r\u00e1pido de cualquier tipo de incidente. Que las agencias que responden a una emergencia pueden trabajar en conjunto y adquirir los recursos que est\u00e1n disponibles en la Isla, para mantener activa la econom\u00eda local mientras ayudan a la ciudadan\u00eda\u201d.<\/p>\n","protected":false},"excerpt":{"rendered":"<p>SAN JUAN \u2013 El Negociado para el Manejo de Emergencias y Administraci\u00f3n de Desastres (NMEAD), adscrito al Departamento de Seguridad P\u00fablica (DSP), llev\u00f3 a cabo su Convenci\u00f3n de Manejo de Emergencias 2022, en la que particip\u00f3 el gobernador, Pedro R. Pierluisi, as\u00ed como personal del sector p\u00fablico y privado, para continuar trabajando en coordinaci\u00f3n para [&hellip;]<\/p>\n","protected":false},"author":5,"featured_media":4566,"comment_status":"open","ping_status":"open","sticky":false,"template":"","format":"standard","meta":{"footnotes":""},"categories":[2,23],"tags":[],"class_list":{"0":"post-4565","1":"post","2":"type-post","3":"status-publish","4":"format-standard","5":"has-post-thumbnail","7":"category-featured","8":"category-seguridad"},"aioseo_notices":[],"_links":{"self":[{"href":"https:\/\/wiac740.com\/index.php\/wp-json\/wp\/v2\/posts\/4565","targetHints":{"allow":["GET"]}}],"collection":[{"href":"https:\/\/wiac740.com\/index.php\/wp-json\/wp\/v2\/posts"}],"about":[{"href":"https:\/\/wiac740.com\/index.php\/wp-json\/wp\/v2\/types\/post"}],"author":[{"embeddable":true,"href":"https:\/\/wiac740.com\/index.php\/wp-json\/wp\/v2\/users\/5"}],"replies":[{"embeddable":true,"href":"https:\/\/wiac740.com\/index.php\/wp-json\/wp\/v2\/comments?post=4565"}],"version-history":[{"count":0,"href":"https:\/\/wiac740.com\/index.php\/wp-json\/wp\/v2\/posts\/4565\/revisions"}],"wp:featuredmedia":[{"embeddable":true,"href":"https:\/\/wiac740.com\/index.php\/wp-json\/wp\/v2\/media\/4566"}],"wp:attachment":[{"href":"https:\/\/wiac740.com\/index.php\/wp-json\/wp\/v2\/media?parent=4565"}],"wp:term":[{"taxonomy":"category","embeddable":true,"href":"https:\/\/wiac740.com\/index.php\/wp-json\/wp\/v2\/categories?post=4565"},{"taxonomy":"post_tag","embeddable":true,"href":"https:\/\/wiac740.com\/index.php\/wp-json\/wp\/v2\/tags?post=4565"}],"curies":[{"name":"wp","href":"https:\/\/api.w.org\/{rel}","templated":true}]}}