{"id":4660,"date":"2022-05-12T17:41:23","date_gmt":"2022-05-12T21:41:23","guid":{"rendered":"https:\/\/wiac740.com\/?p=4660"},"modified":"2022-05-13T08:42:20","modified_gmt":"2022-05-13T12:42:20","slug":"gobernador-insiste-en-su-propuesta-de-presupuesto-y-lo-sometera-a-la-asamblea-legislativa","status":"publish","type":"post","link":"https:\/\/wiac740.com\/index.php\/2022\/05\/12\/gobernador-insiste-en-su-propuesta-de-presupuesto-y-lo-sometera-a-la-asamblea-legislativa\/","title":{"rendered":"GOBERNADOR INSISTE EN SU PROPUESTA DE PRESUPUESTO Y LO SOMETER\u00c1 A LA ASAMBLEA LEGISLATIVA"},"content":{"rendered":"<p><strong>LA FORTALEZA \u2013<\/strong> El gobernador de Puerto Rico, Pedro R. Pierluisi, inform\u00f3 hoy que ma\u00f1ana la delegaci\u00f3n del Partido Nuevo Progresista (PNP) en la C\u00e1mara de Representantes y el Senado presentar\u00e1n ante la Asamblea Legislativa una Resoluci\u00f3n de Presupuesto para el pr\u00f3ximo a\u00f1o fiscal 2022-2023 que garantiza las pensiones a los retirados de Gobierno actuales y futuros, el pago de la deuda estructurada y la promoci\u00f3n de Puerto Rico como destino de inversi\u00f3n.<\/p>\n<p>&nbsp;<\/p>\n<p>\u201cEl presupuesto que hemos elaborado cuenta con los fondos para comenzar a hacerle justicia salarial a los servidores p\u00fablicos; reclutar polic\u00edas, bomberos y vigilantes de recursos naturales; invertir en la educaci\u00f3n; mejorar los servicios de salud f\u00edsica y mental; seguir luchando contra la violencia de g\u00e9nero; y combatir la pobreza. Las revisiones que le ha hecho la Junta de Supervisi\u00f3n y Administraci\u00f3n Financiera (JSAF) a nuestro presupuesto no afectaron la mayor\u00eda de las iniciativas que le presentamos desde febrero\u201d, dijo Pierluisi.<\/p>\n<p>&nbsp;<\/p>\n<p>En febrero pasado el gobernador present\u00f3 a la JSAF un presupuesto consolidado de <strong>$28,785 millones<\/strong> para el pr\u00f3ximo a\u00f1o fiscal. Sin embargo, y a pesar de que las proyecciones del Gobierno apuntan a que los recaudos superar\u00e1n los estimados de la Junta, el ente fiscal insiste en reducir los gastos del Gobierno por $100 millones.<\/p>\n<p>&nbsp;<\/p>\n<p>\u201cPara darte el gobierno de excelencia que t\u00fa y los tuyos quieren, tenemos que invertir a\u00fan m\u00e1s en nuestros servidores p\u00fablicos, provey\u00e9ndoles salarios justos desde el principio del a\u00f1o fiscal, con particular atenci\u00f3n a trabajadores sociales, oficiales de correcci\u00f3n, bomberos, param\u00e9dicos y personal del Instituto de Ciencias Forenses. Adem\u00e1s, es momento de detener los recortes a los municipios, pues necesitamos que tengan los recursos para dar servicios esenciales y manejar los proyectos de reconstrucci\u00f3n. No vamos a claudicar en nuestra lucha\u201d, reiter\u00f3 el primer ejecutivo.<\/p>\n<p>&nbsp;<\/p>\n<p>Pierluisi adelant\u00f3 que someter\u00e1 enmiendas responsables al Plan Fiscal Certificado y presentar\u00e1 ante la JSAF una certificaci\u00f3n del Departamento de Hacienda que comprueba que los ingresos al fisco sobrepasar\u00e1n los estimados y justifican el modesto incremento en el gasto p\u00fablico.\u00a0 \u201cDespu\u00e9s de todo, los fondos del pueblo son para el pueblo, no para acumularlos en las cuentas del Gobierno\u201d, se\u00f1al\u00f3.<\/p>\n<p>&nbsp;<\/p>\n<p>Otro punto vital que Pierluisi cuestion\u00f3 a la JSAF es por qu\u00e9 a pesar de que el Estado propuso una reducci\u00f3n significativa de contratos en el rango de servicios profesionales para obtener ahorros y as\u00ed financiar los amentos salariales, la Junta se reh\u00fasa a darle paso. \u201c\u00bfQui\u00e9n puede oponerse a eliminar contratos en el Gobierno?\u201d, pregunt\u00f3 Pierluisi al ente federal que tambi\u00e9n deneg\u00f3 fondos para programas como la Oficina de Enlace con la Comunidad Sorda y la Oficina de Protecci\u00f3n y Defensa de Impedidos, ambos productos de leyes estatales, entre otros programas que requieren aumentos limitados para servirle bien la ciudadan\u00eda.<\/p>\n<p>&nbsp;<\/p>\n<p>Ante todo, esto, Pierluisi hizo un llamado a los legisladores de todas las delegaciones para defender a los servidores p\u00fablicos, a los municipios y a la poblaci\u00f3n con necesidades especiales porque dijo que, \u201cestas causas las compartimos todos\u201d.<\/p>\n<p>&nbsp;<\/p>\n","protected":false},"excerpt":{"rendered":"<p>LA FORTALEZA \u2013 El gobernador de Puerto Rico, Pedro R. Pierluisi, inform\u00f3 hoy que ma\u00f1ana la delegaci\u00f3n del Partido Nuevo Progresista (PNP) en la C\u00e1mara de Representantes y el Senado presentar\u00e1n ante la Asamblea Legislativa una Resoluci\u00f3n de Presupuesto para el pr\u00f3ximo a\u00f1o fiscal 2022-2023 que garantiza las pensiones a los retirados de Gobierno actuales [&hellip;]<\/p>\n","protected":false},"author":5,"featured_media":4661,"comment_status":"open","ping_status":"open","sticky":false,"template":"","format":"standard","meta":{"footnotes":""},"categories":[2,9],"tags":[],"class_list":{"0":"post-4660","1":"post","2":"type-post","3":"status-publish","4":"format-standard","5":"has-post-thumbnail","7":"category-featured","8":"category-gobierno"},"aioseo_notices":[],"_links":{"self":[{"href":"https:\/\/wiac740.com\/index.php\/wp-json\/wp\/v2\/posts\/4660","targetHints":{"allow":["GET"]}}],"collection":[{"href":"https:\/\/wiac740.com\/index.php\/wp-json\/wp\/v2\/posts"}],"about":[{"href":"https:\/\/wiac740.com\/index.php\/wp-json\/wp\/v2\/types\/post"}],"author":[{"embeddable":true,"href":"https:\/\/wiac740.com\/index.php\/wp-json\/wp\/v2\/users\/5"}],"replies":[{"embeddable":true,"href":"https:\/\/wiac740.com\/index.php\/wp-json\/wp\/v2\/comments?post=4660"}],"version-history":[{"count":0,"href":"https:\/\/wiac740.com\/index.php\/wp-json\/wp\/v2\/posts\/4660\/revisions"}],"wp:featuredmedia":[{"embeddable":true,"href":"https:\/\/wiac740.com\/index.php\/wp-json\/wp\/v2\/media\/4661"}],"wp:attachment":[{"href":"https:\/\/wiac740.com\/index.php\/wp-json\/wp\/v2\/media?parent=4660"}],"wp:term":[{"taxonomy":"category","embeddable":true,"href":"https:\/\/wiac740.com\/index.php\/wp-json\/wp\/v2\/categories?post=4660"},{"taxonomy":"post_tag","embeddable":true,"href":"https:\/\/wiac740.com\/index.php\/wp-json\/wp\/v2\/tags?post=4660"}],"curies":[{"name":"wp","href":"https:\/\/api.w.org\/{rel}","templated":true}]}}