{"id":4712,"date":"2022-05-16T19:03:19","date_gmt":"2022-05-16T23:03:19","guid":{"rendered":"https:\/\/wiac740.com\/?p=4712"},"modified":"2022-05-16T19:03:19","modified_gmt":"2022-05-16T23:03:19","slug":"senado-avala-medida-para-ordenar-a-agencias-gubernamentales-preparar-un-plan-de-emergencia-para-atender-maltrato-de-menores","status":"publish","type":"post","link":"https:\/\/wiac740.com\/index.php\/2022\/05\/16\/senado-avala-medida-para-ordenar-a-agencias-gubernamentales-preparar-un-plan-de-emergencia-para-atender-maltrato-de-menores\/","title":{"rendered":"SENADO AVALA MEDIDA PARA ORDENAR A AGENCIAS GUBERNAMENTALES PREPARAR UN PLAN DE EMERGENCIA PARA ATENDER MALTRATO DE MENORES"},"content":{"rendered":"<p><strong>El Capitolio \u2013 <\/strong>Durante la Sesi\u00f3n Ordinaria de hoy, se aprob\u00f3 la Resoluci\u00f3n Conjunta del Senado 190 de la senadora Elizabeth Rosa V\u00e9lez, para ordenar al Departamento de la Familia, el Departamento de Educaci\u00f3n, la Administraci\u00f3n de Salud Mental y Contra la Adicci\u00f3n, el Departamento de Salud y el Negociado de la Polic\u00eda, un plan de emergencia para atender la crisis de abuso y maltrato de menores en Puerto Rico en un t\u00e9rmino de no mayor de 60 d\u00edas.<\/p>\n<div class=\"bio\">\n<div class=\"container-fluid\" data-bootstrap-contains=\"containers\" data-n1ed-block-category=\"grid\">\n<div class=\"container\">\n<div class=\"row\">\n<div class=\"col-xs-12 col-lg-6 py-3\">\n<p>La senadora Rosa V\u00e9lez, expres\u00f3 que \u201cen los pasados meses hemos visto un aumento desmedido en los casos de maltrato y negligencia con nuestros menores\u2026Un estudio refleja que m\u00e1s de cinco mil menores son maltratados anualmente y se estima que 10 de cada mil menores de 18 son tambi\u00e9n v\u00edctimas de maltratos\u2026Como trabajadora social de profesi\u00f3n presento esta Resoluci\u00f3n. Es indispensable que retomemos el tema de prevenci\u00f3n, educaci\u00f3n pero sobre todo la noci\u00f3n del porque la responsabilidad es de todos. Es nuestra responsabilidad proteger a nuestros ni\u00f1os, esos que no tienen voz\u201d.<\/p>\n<p>Por su parte, la senadora del Movimiento Victoria Ciudadana, Ana Irma Rivera Lass\u00e9n manifest\u00f3 que \u201cla medida hace algo importante que va dando cuenta que las distintas entidades del gobierno tomen cartas en el asunto y trabajen en conjunto. Cuando se hablan de que las campa\u00f1as pueden ser huecas, pero esta medida obliga a que las agencias se comuniquen entre si y para que sea efectivo tiene que coordinarse el mensaje. La medida tambi\u00e9n le da voz directamente a la ni\u00f1ez\u201d.<\/p>\n<p>La pieza legislativa, adem\u00e1s busca se incluya, una campa\u00f1a de educaci\u00f3n permanente en los medios de comunicaci\u00f3n y en las redes sociales de las agencias.\u00a0 Igualmente, ordena al Instituto de Estad\u00edsticas a realizar convenios de colaboraci\u00f3n con el Departamento de la Familia y el Negociado de la Polic\u00eda para publicar un Perfil Anual de Maltrato de Menores, en un t\u00e9rmino de 180 d\u00edas. De igual forma, ordena al Negociado de Telecomunicaciones a convocar a las empresas de tecnolog\u00eda y proveedores de telecomunicaciones a realizar gestiones para garantizar la \u00a0seguridad de los ni\u00f1os en el ciberespacio, brindar acceso a los ni\u00f1os a lineas gratuitas de ayuda, utilizar sus plataformas para promover campa\u00f1as de prevenci\u00f3n del maltrato y abuso de menores.<\/p>\n<p>Tambi\u00e9n, fue aprobada la Resoluci\u00f3n Conjunta del Senado 178 de la senadora independentista Mar\u00eda de Lourdes Santiago Negr\u00f3n, para ordenar al Departamento de Educaci\u00f3n (DE) y a la Oficina para el Manejo de Edificios P\u00fablicos (OMEP) rehabilitar el plantel de la Escuela Pedro C. Timothee (Anexo) de San Juan dentro de un t\u00e9rmino de tres meses<\/p>\n<p><img decoding=\"async\" class=\"img-responsive img-fluid\" src=\"https:\/\/senado.pr.gov\/flmngr\/files\/SESION%20DEL%20SENADO%20(16-MAYO-2022)%2014.jpg\" \/><\/p>\n<\/div>\n<div class=\"col-xs-12 col-lg-6 py-3\">\n<p>Santiago Negr\u00f3n sostuvo que \u201cel DE es un espacio de enormes y terribles constantes\u2026mientras existen recursos para frivolidades cuando lo contrastamos con como est\u00e1n las escuelas en las zonas pobres de Puerto Rico lo que a uno le da es rabia\u2026Esta escuela como muchas otras sufri\u00f3 da\u00f1os por los terremotos y el Hurac\u00e1n Mar\u00eda, pero las carencias que tiene se deben m\u00e1s al desastre administrativo, portones que no abren, falta de equipo, de materiales\u2026lo que persigue esta Resoluci\u00f3n es que el DE se encargue de que en un plazo razonable de una comunidad espec\u00edfica de comunidad especial, que el DE haga el gesto de cumplir con su responabilidad y dar un espacio digno de aprendizaje\u201d.<\/p>\n<p>Mientras, el senador novoprogresista, Henry Neumann Zayas, dijo estar a favor de la medida y expres\u00f3 que \u201cla Senadora ha hecho un resumen y una petici\u00f3n para que el DE haga lo que se supone tiene que hacer como rutina diaria. Eso es lo que encontramos a trav\u00e9s de la inmensa mayor\u00eda de planteles escolares en San Juan. La lucha es para lograr unos cambios, teniendo tanto dinero disponible el DE\u2026El tema de qu\u00e9 hacen con todo el dinero que recibe el DE es uno que jamas podr\u00e9\u00a0entender el porque no llega a los planteles escolares\u2026tenemos que buscar la manera de que act\u00faen\u201d.<\/p>\n<p>Asimismo, fue avalada la concurrencia al Proyecto del Senado 303, de la senadora Migdalia Gonz\u00e1lez Arroyo, para enmendar el \u201cC\u00f3digo Municipal de Puerto Rico\u201d, a fin de incluir el periodo de cuido de la persona reci\u00e9n nacida como parte de la licencia por maternidad y aumentar el n\u00famero de semanas de esa licencia.<\/p>\n<p>La pieza legislativa indica que muchos Municipios en Puerto Rico, entendiendo el importante rol de la mujer trabajadora en el servicio p\u00fablico, han enmendado sus ordenanzas para brindarle m\u00e1s derechos y tiempo de descanso luego del alumbramiento. \u00a0A tales efectos, esta Asamblea Legislativa entiende necesario aumentar la licencia de maternidad en el \u00e1mbito municipal, como una medida de car\u00e1cter social y laboral que le hace justicia a la mujer trabajadora del sector p\u00fablico, especialmente la empleada municipal.<\/p>\n<p>\u201cToda empleada embarazada tendr\u00e1 derecho a solicitar que se le conceda licencia con sueldo por maternidad. Esta licencia comprender\u00e1 un periodo de cuatro (4) semanas antes del alumbramiento, ocho (8) semanas despu\u00e9s del parto, y cuatro (4) semanas adicionales para la atenci\u00f3n y el cuido del menor\u201d, espec\u00edfica la pieza legislativa.<\/p>\n<p>Tambi\u00e9n, se aprob\u00f3 la Resoluci\u00f3n del Senado 493, del presidente del Senado, Jos\u00e9 Luis Dalmau Santiago y la senadora Rosa V\u00e9lez, para ordenar a la Comisi\u00f3n de Innovaci\u00f3n, Telecomunicaciones, Urbanismo e Infraestructura realizar una investigaci\u00f3n sobre la posibilidad de extender las rutas del tren urbano y de transporte colectivo en Puerto Rico. \u201cResponsablemente, esta medida busca evaluar la ampliaci\u00f3n de los servicios de transporte colectivo, ya sea por medio de autobuses o de sistema de trenes, en aras de proveerle a nuestra poblaci\u00f3n un pa\u00eds a la vanguardia y con pleno acceso a rutas estrat\u00e9gicas\u201d, sostiene la pieza legislativa.<\/p>\n<p>De igual manera, fueron aprobados los Proyectos del Senado 283, 670; la Resoluci\u00f3n del Senado 486; Proyectos de la C\u00e1mara 428, 649 y las Resoluciones Conjuntas de la C\u00e1mara 125 y 150.<\/p>\n<\/div>\n<\/div>\n<\/div>\n<\/div>\n<\/div>\n","protected":false},"excerpt":{"rendered":"<p>El Capitolio \u2013 Durante la Sesi\u00f3n Ordinaria de hoy, se aprob\u00f3 la Resoluci\u00f3n Conjunta del Senado 190 de la senadora Elizabeth Rosa V\u00e9lez, para ordenar al Departamento de la Familia, el Departamento de Educaci\u00f3n, la Administraci\u00f3n de Salud Mental y Contra la Adicci\u00f3n, el Departamento de Salud y el Negociado de la Polic\u00eda, un plan [&hellip;]<\/p>\n","protected":false},"author":5,"featured_media":4713,"comment_status":"open","ping_status":"open","sticky":false,"template":"","format":"standard","meta":{"footnotes":""},"categories":[2,9],"tags":[],"class_list":{"0":"post-4712","1":"post","2":"type-post","3":"status-publish","4":"format-standard","5":"has-post-thumbnail","7":"category-featured","8":"category-gobierno"},"aioseo_notices":[],"_links":{"self":[{"href":"https:\/\/wiac740.com\/index.php\/wp-json\/wp\/v2\/posts\/4712","targetHints":{"allow":["GET"]}}],"collection":[{"href":"https:\/\/wiac740.com\/index.php\/wp-json\/wp\/v2\/posts"}],"about":[{"href":"https:\/\/wiac740.com\/index.php\/wp-json\/wp\/v2\/types\/post"}],"author":[{"embeddable":true,"href":"https:\/\/wiac740.com\/index.php\/wp-json\/wp\/v2\/users\/5"}],"replies":[{"embeddable":true,"href":"https:\/\/wiac740.com\/index.php\/wp-json\/wp\/v2\/comments?post=4712"}],"version-history":[{"count":0,"href":"https:\/\/wiac740.com\/index.php\/wp-json\/wp\/v2\/posts\/4712\/revisions"}],"wp:featuredmedia":[{"embeddable":true,"href":"https:\/\/wiac740.com\/index.php\/wp-json\/wp\/v2\/media\/4713"}],"wp:attachment":[{"href":"https:\/\/wiac740.com\/index.php\/wp-json\/wp\/v2\/media?parent=4712"}],"wp:term":[{"taxonomy":"category","embeddable":true,"href":"https:\/\/wiac740.com\/index.php\/wp-json\/wp\/v2\/categories?post=4712"},{"taxonomy":"post_tag","embeddable":true,"href":"https:\/\/wiac740.com\/index.php\/wp-json\/wp\/v2\/tags?post=4712"}],"curies":[{"name":"wp","href":"https:\/\/api.w.org\/{rel}","templated":true}]}}