{"id":5023,"date":"2022-06-06T07:26:33","date_gmt":"2022-06-06T11:26:33","guid":{"rendered":"https:\/\/wiac740.com\/?p=5023"},"modified":"2022-06-06T07:26:33","modified_gmt":"2022-06-06T11:26:33","slug":"mujer-resulta-herida-de-bala-en-intento-de-robo-en-maunabo","status":"publish","type":"post","link":"https:\/\/wiac740.com\/index.php\/2022\/06\/06\/mujer-resulta-herida-de-bala-en-intento-de-robo-en-maunabo\/","title":{"rendered":"Mujer resulta herida de bala en intento de robo en Maunabo"},"content":{"rendered":"<p class=\"default__StyledText-xb1qmn-0 kHWPtO body-paragraph\">Una mujer result\u00f3 herida de bala durante un intento de robo a eso de las 9:12 de la noche del domingo, frente a una barra, en el barrio Matuyas, en Maunabo.<\/p>\n<p class=\"default__StyledText-xb1qmn-0 kHWPtO body-paragraph\">De acuerdo a la Polic\u00eda, la mujer, de 55 a\u00f1os, estaba en el interior de un veh\u00edculo, cuando un individuo armado se le acerc\u00f3 e intent\u00f3 cometer un robo.<\/p>\n<p class=\"default__StyledText-xb1qmn-0 kHWPtO body-paragraph\">Acto seguido, el individuo le realiz\u00f3 un disparo a la perjudicada, la cual result\u00f3 con una herida de bala en el brazo derecho. Fue transportada al Centro de Diagn\u00f3stico y Tratamiento local en condici\u00f3n estable.<\/p>\n<p class=\"default__StyledText-xb1qmn-0 kHWPtO body-paragraph\">Personal de la Divisi\u00f3n de Robos del Cuerpo de Investigaciones Criminales de Humacao se hicieron cargo de la investigaci\u00f3n.<\/p>\n","protected":false},"excerpt":{"rendered":"<p>Una mujer result\u00f3 herida de bala durante un intento de robo a eso de las 9:12 de la noche del domingo, frente a una barra, en el barrio Matuyas, en Maunabo. De acuerdo a la Polic\u00eda, la mujer, de 55 a\u00f1os, estaba en el interior de un veh\u00edculo, cuando un individuo armado se le acerc\u00f3 [&hellip;]<\/p>\n","protected":false},"author":6,"featured_media":1990,"comment_status":"open","ping_status":"open","sticky":false,"template":"","format":"standard","meta":{"footnotes":""},"categories":[2,35,23],"tags":[62,117,47,78],"class_list":{"0":"post-5023","1":"post","2":"type-post","3":"status-publish","4":"format-standard","5":"has-post-thumbnail","7":"category-featured","8":"category-policiacas","9":"category-seguridad","10":"tag-62","11":"tag-maunabo","12":"tag-puerto-rico","13":"tag-wiac-740-am"},"aioseo_notices":[],"_links":{"self":[{"href":"https:\/\/wiac740.com\/index.php\/wp-json\/wp\/v2\/posts\/5023","targetHints":{"allow":["GET"]}}],"collection":[{"href":"https:\/\/wiac740.com\/index.php\/wp-json\/wp\/v2\/posts"}],"about":[{"href":"https:\/\/wiac740.com\/index.php\/wp-json\/wp\/v2\/types\/post"}],"author":[{"embeddable":true,"href":"https:\/\/wiac740.com\/index.php\/wp-json\/wp\/v2\/users\/6"}],"replies":[{"embeddable":true,"href":"https:\/\/wiac740.com\/index.php\/wp-json\/wp\/v2\/comments?post=5023"}],"version-history":[{"count":0,"href":"https:\/\/wiac740.com\/index.php\/wp-json\/wp\/v2\/posts\/5023\/revisions"}],"wp:featuredmedia":[{"embeddable":true,"href":"https:\/\/wiac740.com\/index.php\/wp-json\/wp\/v2\/media\/1990"}],"wp:attachment":[{"href":"https:\/\/wiac740.com\/index.php\/wp-json\/wp\/v2\/media?parent=5023"}],"wp:term":[{"taxonomy":"category","embeddable":true,"href":"https:\/\/wiac740.com\/index.php\/wp-json\/wp\/v2\/categories?post=5023"},{"taxonomy":"post_tag","embeddable":true,"href":"https:\/\/wiac740.com\/index.php\/wp-json\/wp\/v2\/tags?post=5023"}],"curies":[{"name":"wp","href":"https:\/\/api.w.org\/{rel}","templated":true}]}}