{"id":5132,"date":"2022-06-10T07:45:57","date_gmt":"2022-06-10T11:45:57","guid":{"rendered":"https:\/\/wiac740.com\/?p=5132"},"modified":"2022-06-10T07:45:57","modified_gmt":"2022-06-10T11:45:57","slug":"continua-investigacion-sobre-la-muerte-de-una-joven-en-la-carcel-de-bayamon","status":"publish","type":"post","link":"https:\/\/wiac740.com\/index.php\/2022\/06\/10\/continua-investigacion-sobre-la-muerte-de-una-joven-en-la-carcel-de-bayamon\/","title":{"rendered":"Contin\u00faa investigaci\u00f3n sobre la muerte de una joven en la c\u00e1rcel de Bayam\u00f3n"},"content":{"rendered":"<p>El pasado jueves, el Instituto de Ciencias Forenses realiz\u00f3 una investigaci\u00f3n sobre la causa de muerte de la joven Shannel Ivette Col\u00f3n Ponce. Su fallecimiento ocurri\u00f3 el 2 de junio, en el Centro de Rehabilitaci\u00f3n de Mujeres en la c\u00e1rcel de Bayam\u00f3n. Sin embargo, no fue hasta seis d\u00edas despu\u00e9s que la Polic\u00eda emiti\u00f3 un informe confirmando su deceso.<\/p>\n<p>Por otra parte, la directora del instituto, Mar\u00eda Conte Miller, confirm\u00f3 la realizaci\u00f3n de la autopsia de Col\u00f3n Ponce el pasado viernes, 3 de junio dentro de su dependencia.<\/p>\n<p>\u201cLa causa y manera de la muerte de la mujer est\u00e1 pendiente. Las conclusiones de la pat\u00f3loga se emitir\u00e1n cuando concluya la investigaci\u00f3n de las circunstancias del deceso. Por mandato de ley, le corresponde al Instituto de Ciencias Forenses asumir jurisdicci\u00f3n en la investigaci\u00f3n de la causa y manera de toda muerte de una persona que est\u00e1 en custodia del estado\u201d, expres\u00f3 la directora.<\/p>\n<p>Hasta el momento, Conte Miller asegur\u00f3 que el Instituto de Ciencias Forenses se encuentra trabajando \u201cdiligentemente\u201d, cumpliendo con los protocolos requeridos para concluir el caso de forma adecuada.<\/p>\n","protected":false},"excerpt":{"rendered":"<p>El pasado jueves, el Instituto de Ciencias Forenses realiz\u00f3 una investigaci\u00f3n sobre la causa de muerte de la joven Shannel Ivette Col\u00f3n Ponce. Su fallecimiento ocurri\u00f3 el 2 de junio, en el Centro de Rehabilitaci\u00f3n de Mujeres en la c\u00e1rcel de Bayam\u00f3n. Sin embargo, no fue hasta seis d\u00edas despu\u00e9s que la Polic\u00eda emiti\u00f3 un [&hellip;]<\/p>\n","protected":false},"author":6,"featured_media":5133,"comment_status":"open","ping_status":"open","sticky":false,"template":"","format":"standard","meta":{"footnotes":""},"categories":[128,129,27,35,23],"tags":[62,156,157,47,158],"class_list":{"0":"post-5132","1":"post","2":"type-post","3":"status-publish","4":"format-standard","5":"has-post-thumbnail","7":"category-enterate-aqui","8":"category-hoy","9":"category-lo-mas-reciente","10":"category-policiacas","11":"category-seguridad","12":"tag-62","13":"tag-bayamon","14":"tag-departamento-de-correcion","15":"tag-puerto-rico","16":"tag-shannel-ivette-colon-ponce"},"aioseo_notices":[],"_links":{"self":[{"href":"https:\/\/wiac740.com\/index.php\/wp-json\/wp\/v2\/posts\/5132","targetHints":{"allow":["GET"]}}],"collection":[{"href":"https:\/\/wiac740.com\/index.php\/wp-json\/wp\/v2\/posts"}],"about":[{"href":"https:\/\/wiac740.com\/index.php\/wp-json\/wp\/v2\/types\/post"}],"author":[{"embeddable":true,"href":"https:\/\/wiac740.com\/index.php\/wp-json\/wp\/v2\/users\/6"}],"replies":[{"embeddable":true,"href":"https:\/\/wiac740.com\/index.php\/wp-json\/wp\/v2\/comments?post=5132"}],"version-history":[{"count":0,"href":"https:\/\/wiac740.com\/index.php\/wp-json\/wp\/v2\/posts\/5132\/revisions"}],"wp:featuredmedia":[{"embeddable":true,"href":"https:\/\/wiac740.com\/index.php\/wp-json\/wp\/v2\/media\/5133"}],"wp:attachment":[{"href":"https:\/\/wiac740.com\/index.php\/wp-json\/wp\/v2\/media?parent=5132"}],"wp:term":[{"taxonomy":"category","embeddable":true,"href":"https:\/\/wiac740.com\/index.php\/wp-json\/wp\/v2\/categories?post=5132"},{"taxonomy":"post_tag","embeddable":true,"href":"https:\/\/wiac740.com\/index.php\/wp-json\/wp\/v2\/tags?post=5132"}],"curies":[{"name":"wp","href":"https:\/\/api.w.org\/{rel}","templated":true}]}}