{"id":5349,"date":"2022-06-24T01:04:00","date_gmt":"2022-06-24T05:04:00","guid":{"rendered":"https:\/\/wiac740.com\/?p=5349"},"modified":"2022-06-24T01:04:00","modified_gmt":"2022-06-24T05:04:00","slug":"san-juan-establece-primer-registro-de-personas-con-necesidades-especiales","status":"publish","type":"post","link":"https:\/\/wiac740.com\/index.php\/2022\/06\/24\/san-juan-establece-primer-registro-de-personas-con-necesidades-especiales\/","title":{"rendered":"SAN JUAN ESTABLECE PRIMER REGISTRO DE PERSONAS CON NECESIDADES ESPECIALES"},"content":{"rendered":"<p><strong>SAN JUAN<\/strong>\u00a0&#8211; Bajo el nombre <strong>Registro de Personas con Necesidades Especiales<\/strong>, el alcalde de la Ciudad Capital, Miguel A. Romero Lugo, anunci\u00f3 hoy el lanzamiento del primer Registro de Personas con Necesidades Especiales (RPNE) a nivel municipal en Puerto Rico.<\/p>\n<p>&nbsp;<\/p>\n<p>Se trata de una plataforma digital, <a href=\"https:\/\/sanjuanvaporti.pr\">sanjuanvaporti.pr<\/a>, creada para recoger y mantener actualizada informaci\u00f3n demogr\u00e1fica, as\u00ed como cualquier diversidad funcional, impedimento o dependencia que tenga un residente de San Juan a un sistema de vida artificial que requiera asistencia en tiempos de emergencia. Entre las personas que deben registrarse se encuentran aquellas con ventilador o respirador, traqueotom\u00eda, di\u00e1lisis, tanque de ox\u00edgeno, succi\u00f3n, colostom\u00eda, ileostom\u00eda, desfibrilador, tubo de alimentaci\u00f3n, entre otros equipos m\u00e9dicos que requieran servicio de electricidad para su funcionamiento.<\/p>\n<p>&nbsp;<\/p>\n<p>Romero Lugo detall\u00f3 que, el registro digital <strong>San Juan Va Por Ti<\/strong> permitir\u00e1 que en caso de una emergencia, como un hurac\u00e1n, tormenta, fuego, inundaci\u00f3n, terremoto, entre otro desastre, personal del Departamento de Salud de San Juan, que dirige el doctor Luis V. Clas Fern\u00e1ndez, y de la Oficina Municipal para el Manejo de Emergencias y Administraci\u00f3n de Desastres, a cargo de Carlos Acevedo Caballero, puedan identificar d\u00f3nde reside la persona con necesidad especial o diversidad funcional, movilizarse y brindar el servicio de salud que requiera para salvar y proteger su vida.<\/p>\n<p>&nbsp;<\/p>\n<p>\u201cHoy es un gran d\u00eda para los residentes de la ciudad capital, pues materializamos lo que ha sido una de mis prioridades en mis compromisos program\u00e1ticos en materia de salud y seguridad. Utilizando ejemplos de estados de la naci\u00f3n, somos pioneros en desarrollar un registro con el cual, adem\u00e1s de salvar vidas en una emergencia, nos permitir\u00e1 establecer pol\u00edtica de salud p\u00fablica. Mi llamado a todo sanjuanero y sanjuanera, que tenga una necesidad especial o discapacidad, es a que se registre hoy. Igualmente, a todo vecino, familiar, amigo, el llamado es que contacte a ese ser querido con una necesidad especial de salud y le ayude a completar su registraci\u00f3n antes de la temporada de huracanes. El momento de estar preparados para enfrentar una emergencia es ahora, necesitamos de la colaboraci\u00f3n ciudadana y registro para la efectividad de los planes y proyectos establecidos de salud y emergencias para la capital\u201d, expres\u00f3 el ejecutivo municipal.<\/p>\n<p>&nbsp;<\/p>\n<p><strong>C\u00f3mo funciona el registro\u00a0<\/strong><\/p>\n<p>&nbsp;<\/p>\n<p>El alcalde explic\u00f3 que, a partir de hoy 23 de junio, el residente de San Juan que presente una necesidad especial dependa de alg\u00fan sistema de vida artificial y\/o requiera transporte durante un desalojo en caso de una emergencia deber\u00e1 registrarse a trav\u00e9s del portal <a href=\"https:\/\/sanjuanvaporti.pr\">sanjuanvaporti.pr<\/a>. En este portal, el cual est\u00e1 disponible en idioma espa\u00f1ol, el ciudadano ingresa sus datos de manera directa o crea una cuenta. En el caso de la persona que seleccione crear una cuenta, el sistema le brindar\u00e1 la oportunidad de actualizar peri\u00f3dicamente su informaci\u00f3n, seg\u00fan necesidades, diagn\u00f3sticos y cambios de vida que vaya presentando.<\/p>\n<p>&nbsp;<\/p>\n<p>El formulario del RPNE le solicitar\u00e1 al residente informaci\u00f3n b\u00e1sica para que personal de respuesta a emergencias pueda ubicarlo en caso de una situaci\u00f3n en la que su vida est\u00e9 en riesgo. Entre las preguntas que debe responder se incluye el identificar en un mapa su ubicaci\u00f3n o residencia, sistema de vida artificial que requiere, discapacidad sensorial, problema cognitivo, psiqui\u00e1trico, neurol\u00f3gico o muscular que presenta, otras condiciones de salud existentes, as\u00ed como si requiere ayuda externa para moverse y qu\u00e9 transportaci\u00f3n utiliza, entre otros.<\/p>\n<p>&nbsp;<\/p>\n<p>El ingreso a completar el formulario del RPNE es uno voluntario, gratuito, confidencial y que no pregunta estatus migratorio, n\u00famero de cubierta de seguro m\u00e9dico o seguro social. Por lo que se exhorta a la comunidad emigrante a llenarlo, as\u00ed tambi\u00e9n aquellas personas que tienen residencia secundaria en San Juan, sea por motivos de trabajo o porque su vivienda principal es fuera de Puerto Rico.<\/p>\n<p>&nbsp;<\/p>\n<p>Para ser registrado y aceptado, el residente debe completar todo encasillado con el s\u00edmbolo de informaci\u00f3n en rojo.<\/p>\n<p>&nbsp;<\/p>\n<p><strong>Otras alternativas para registrarse\u00a0<\/strong><\/p>\n<p>&nbsp;<\/p>\n<p>Persona que no tenga acceso a internet, puede completar el Registro de Personas con Necesidades Especiales llamando al (787) 722-1213 \/1214 \/1215 \/1217 \/1219 de lunes a viernes en horario de 8:00 a.m. a 4:00 p.m. Tambi\u00e9n puede acceder a <a href=\"https:\/\/sanjuanvaporti.pr\">sanjuanvaporti.pr<\/a>, imprimir y completar el formulario del Registro y llevarlo al CDT Dr. Gualberto Rabell (Hoare).<\/p>\n<p>&nbsp;<\/p>\n<p><strong>Poblaci\u00f3n con necesidades especiales en San Juan<\/strong><\/p>\n<p>&nbsp;<\/p>\n<p>Por su parte, Clas Fern\u00e1ndez, director del Departamento de Salud de San Juan, comparti\u00f3 que para el a\u00f1o 2020 se tiene conocimiento de unas 940 personas encamadas en San Juan, dentro de una poblaci\u00f3n de 330 mil habitantes.\u00a0 Por lo que con el Registro conf\u00edan en poder actualizar estos n\u00fameros y atemperarlos a las necesidades que tienen las comunidades, y sus residentes con necesidades especiales, de cara a la temporada de huracanes que comenz\u00f3 el 1 de junio y se extiende hasta el 30 de noviembre de 2022 y que se les pueda ofrecer el servicio que necesitan.<\/p>\n<p>&nbsp;<\/p>\n<p>El tambi\u00e9n Administrador de Servicios de Salud y Profesor Adjunto del Recinto de Ciencias M\u00e9dicas de la Universidad de Puerto Rico record\u00f3 que en una emergencia es importante considerar las necesidades, no solo de personas que no tienen movilidad f\u00edsica, tambi\u00e9n de aquellas sordas, con problemas cognitivos, entre otras necesidades incapacitantes.<\/p>\n<p>&nbsp;<\/p>\n<p>Entre tanto, Acevedo Caballero, director de la Oficina Municipal para el Manejo de Emergencias y Administraci\u00f3n de Desastres, afirm\u00f3 que este RPNE es un proyecto enfocado en evitar muertes, como las reportadas durante y despu\u00e9s del hurac\u00e1n Mar\u00eda en el 2017 y, adem\u00e1s, de planificaci\u00f3n.<\/p>\n<p>&nbsp;<\/p>\n<p>\u201cTras el hurac\u00e1n Mar\u00eda continuamos identificando \u00e1reas de oportunidad en la prevenci\u00f3n y planificaci\u00f3n para el manejo de una emergencia y posterior a ella. Este Registro es vital para salvar vidas y en la etapa de planificaci\u00f3n y establecimiento de los refugios. Teniendo un registro de personas con necesidades especiales vamos a poder establecer y preparar refugios atemperados a sus necesidades y en sus comunidades. Lo que es importante en un pa\u00eds caribe\u00f1o expuesto a m\u00faltiples emergencias naturales\u201d, manifest\u00f3 Acevedo, al unirse al llamado para que los ciudadanos con alg\u00fan impedimento se registren, e igualmente familiares o vecinos los apoyen en el proceso para completar el formulario.<\/p>\n<p>&nbsp;<\/p>\n<p>Para acceder al RPNE <strong>San Juan Va Por Ti<\/strong>, <a href=\"https:\/\/sanjuanvaporti.pr\">sanjuanvaporti.pr<\/a>, los ciudadanos tambi\u00e9n pueden visitar el portal oficial de San Juan, <a href=\"https:\/\/sanjuan.pr\">sanjuan.pr<\/a>, o las plataformas digitales del municipio en Facebook, Twitter e Instagram.<\/p>\n","protected":false},"excerpt":{"rendered":"<p>SAN JUAN\u00a0&#8211; Bajo el nombre Registro de Personas con Necesidades Especiales, el alcalde de la Ciudad Capital, Miguel A. Romero Lugo, anunci\u00f3 hoy el lanzamiento del primer Registro de Personas con Necesidades Especiales (RPNE) a nivel municipal en Puerto Rico. &nbsp; Se trata de una plataforma digital, sanjuanvaporti.pr, creada para recoger y mantener actualizada informaci\u00f3n [&hellip;]<\/p>\n","protected":false},"author":5,"featured_media":5350,"comment_status":"open","ping_status":"open","sticky":false,"template":"","format":"standard","meta":{"footnotes":""},"categories":[2,9,131,40],"tags":[],"class_list":{"0":"post-5349","1":"post","2":"type-post","3":"status-publish","4":"format-standard","5":"has-post-thumbnail","7":"category-featured","8":"category-gobierno","9":"category-gobierno-hoy","10":"category-municipios"},"aioseo_notices":[],"_links":{"self":[{"href":"https:\/\/wiac740.com\/index.php\/wp-json\/wp\/v2\/posts\/5349","targetHints":{"allow":["GET"]}}],"collection":[{"href":"https:\/\/wiac740.com\/index.php\/wp-json\/wp\/v2\/posts"}],"about":[{"href":"https:\/\/wiac740.com\/index.php\/wp-json\/wp\/v2\/types\/post"}],"author":[{"embeddable":true,"href":"https:\/\/wiac740.com\/index.php\/wp-json\/wp\/v2\/users\/5"}],"replies":[{"embeddable":true,"href":"https:\/\/wiac740.com\/index.php\/wp-json\/wp\/v2\/comments?post=5349"}],"version-history":[{"count":0,"href":"https:\/\/wiac740.com\/index.php\/wp-json\/wp\/v2\/posts\/5349\/revisions"}],"wp:featuredmedia":[{"embeddable":true,"href":"https:\/\/wiac740.com\/index.php\/wp-json\/wp\/v2\/media\/5350"}],"wp:attachment":[{"href":"https:\/\/wiac740.com\/index.php\/wp-json\/wp\/v2\/media?parent=5349"}],"wp:term":[{"taxonomy":"category","embeddable":true,"href":"https:\/\/wiac740.com\/index.php\/wp-json\/wp\/v2\/categories?post=5349"},{"taxonomy":"post_tag","embeddable":true,"href":"https:\/\/wiac740.com\/index.php\/wp-json\/wp\/v2\/tags?post=5349"}],"curies":[{"name":"wp","href":"https:\/\/api.w.org\/{rel}","templated":true}]}}