{"id":5352,"date":"2022-06-24T14:46:34","date_gmt":"2022-06-24T18:46:34","guid":{"rendered":"https:\/\/wiac740.com\/?p=5352"},"modified":"2022-06-24T14:46:34","modified_gmt":"2022-06-24T18:46:34","slug":"alcalde-de-san-juan-anuncia-cierre-de-calles-y-avenidas-por-motivo-de-la-carrera-san-juan-bautista-10k","status":"publish","type":"post","link":"https:\/\/wiac740.com\/index.php\/2022\/06\/24\/alcalde-de-san-juan-anuncia-cierre-de-calles-y-avenidas-por-motivo-de-la-carrera-san-juan-bautista-10k\/","title":{"rendered":"ALCALDE DE SAN JUAN ANUNCIA CIERRE DE CALLES Y AVENIDAS POR MOTIVO DE LA CARRERA SAN JUAN BAUTISTA 10K"},"content":{"rendered":"<p style=\"font-weight: 400;\">El alcalde de la Ciudad Capital, Miguel A. Romero Lugo, anunci\u00f3 que el pr\u00f3ximo domingo, 26 de junio habr\u00e1 cambios en el tr\u00e1nsito vehicular ma\u00f1anero en calles y avenidas de la zona metropolitana, por motivo de la carrera del San Juan Bautista 10K, evento en el que participar\u00e1n 2,500 corredores profesionales y aficionados.<\/p>\n<p style=\"font-weight: 400;\">\n<p style=\"font-weight: 400;\">El ejecutivo municipal agradeci\u00f3 el apoyo de sanjuaneros, locales y turistas al evento, el cual se retoma despu\u00e9s de 11 a\u00f1os de su \u00faltima edici\u00f3n.<\/p>\n<p style=\"font-weight: 400;\">\n<p style=\"font-weight: 400;\">\u201cSan Juan Bautista 10K busca reafirmar el posicionamiento de San Juan como la Capital del Deporte en Puerto Rico y el Caribe. Estamos satisfechos del gran respaldo que ha logrado el evento, por parte de atletas y aficionados. En mi administraci\u00f3n continuamos trabajando para fomentar pol\u00edtica p\u00fablica enfocada en promover el deporte como un estilo de vida, as\u00ed como una disciplina competitiva y en el \u00e1rea de los negocios. Est\u00e1 demostrado que los eventos deportivos promueven una mejor salud mental y f\u00edsica, y nos unen como familia y como pueblo\u201d, expres\u00f3 el alcalde.<\/p>\n<p style=\"font-weight: 400;\">\n<p style=\"font-weight: 400;\">Las categor\u00edas de edades para este evento son: 17-24; 25-29; 30-34; 35-39; 40-44; 45-49; 50-54; 55-59; 60-+ y silla de rueda. Los premios en met\u00e1lico son:\u00a0\u00a0$500 para primer lugar; $300 segundo lugar y $150 tercer lugar \u201coverall\u201d.<\/p>\n<p style=\"font-weight: 400;\">\n<p style=\"font-weight: 400;\"><strong>Log\u00edstica del evento<\/strong><\/p>\n<p style=\"font-weight: 400;\"><strong>\u00a0<\/strong><\/p>\n<p style=\"font-weight: 400;\">San Juan Bautista 10K est\u00e1 planificado para comenzar a las\u00a05:50 a.m. con el tiro de silla de ruedas y a las\u00a06:00\u00a0a.m. los dem\u00e1s corredores, saliendo de la Plaza Col\u00f3n en el Viejo San Juan y culminando en el mismo lugar. Los participantes pasar\u00e1n por la Avenida de la Constituci\u00f3n hasta llegar al puente Dos Hermanos, contin\u00faan por la Avenida Magdalena haciendo un viraje en la Iglesia Stella Marie para regresar a la isleta de San Juan por la Avenida Ashford y la Avenida Luis Mu\u00f1oz Rivera. Todas estas calles y avenidas permanecer\u00e1n cerradas desde las 5:45 a.m. hasta finalizada la carrera, la cual se estima tiene una duraci\u00f3n de dos horas.<\/p>\n<p style=\"font-weight: 400;\"><strong>\u00a0<\/strong><\/p>\n<p style=\"font-weight: 400;\">Habr\u00e1 cinco estaciones de oasis ubicadas en la Plaza Col\u00f3n, frente a la tienda En la Meta, Puente Dos Hermanos, en el viraje de la Iglesia Stella Maris y frente a El Hamburguer.<\/p>\n<p style=\"font-weight: 400;\">\n<p style=\"font-weight: 400;\">Los participantes del San Juan Bautista 10K podr\u00e1n estacionarse libre de costo en Hacienda, Covadonga y la Puntilla, al presentar el n\u00famero de inscripci\u00f3n, de lo contrario deber\u00e1n pagar la tarifa ya establecida del lugar.<\/p>\n<p style=\"font-weight: 400;\">\n<p style=\"font-weight: 400;\">Sobre el plan de seguridad, habr\u00e1 dos ambulancias en la salida y llegada de la carrera, as\u00ed como a lo largo del recorrido por cualquier eventualidad que surja con alguno de los presentes. Adem\u00e1s, polic\u00edas municipales de San Juan estar\u00e1n brindando seguridad a lo largo de la ruta y en las v\u00edas que permanecer\u00e1n cerradas mientras dure la carrera.<\/p>\n<p style=\"font-weight: 400;\">\n<p style=\"font-weight: 400;\">Romero Lugo record\u00f3 que \u201cel regreso del San Juan Bautista 10K es una gran oportunidad, adem\u00e1s, para que los atletas puedan mejorar sus tiempos y lograr uno de los premios en met\u00e1licos que ofrece la carrera. Adem\u00e1s, para aquellos que comienzan a incursionar en la disciplina, es una excelente oportunidad por la c\u00f3moda y panor\u00e1mica ruta que recorrer\u00e1n\u201d.<\/p>\n","protected":false},"excerpt":{"rendered":"<p>El alcalde de la Ciudad Capital, Miguel A. Romero Lugo, anunci\u00f3 que el pr\u00f3ximo domingo, 26 de junio habr\u00e1 cambios en el tr\u00e1nsito vehicular ma\u00f1anero en calles y avenidas de la zona metropolitana, por motivo de la carrera del San Juan Bautista 10K, evento en el que participar\u00e1n 2,500 corredores profesionales y aficionados. El ejecutivo [&hellip;]<\/p>\n","protected":false},"author":5,"featured_media":5353,"comment_status":"open","ping_status":"open","sticky":false,"template":"","format":"standard","meta":{"footnotes":""},"categories":[2],"tags":[],"class_list":{"0":"post-5352","1":"post","2":"type-post","3":"status-publish","4":"format-standard","5":"has-post-thumbnail","7":"category-featured"},"aioseo_notices":[],"_links":{"self":[{"href":"https:\/\/wiac740.com\/index.php\/wp-json\/wp\/v2\/posts\/5352","targetHints":{"allow":["GET"]}}],"collection":[{"href":"https:\/\/wiac740.com\/index.php\/wp-json\/wp\/v2\/posts"}],"about":[{"href":"https:\/\/wiac740.com\/index.php\/wp-json\/wp\/v2\/types\/post"}],"author":[{"embeddable":true,"href":"https:\/\/wiac740.com\/index.php\/wp-json\/wp\/v2\/users\/5"}],"replies":[{"embeddable":true,"href":"https:\/\/wiac740.com\/index.php\/wp-json\/wp\/v2\/comments?post=5352"}],"version-history":[{"count":0,"href":"https:\/\/wiac740.com\/index.php\/wp-json\/wp\/v2\/posts\/5352\/revisions"}],"wp:featuredmedia":[{"embeddable":true,"href":"https:\/\/wiac740.com\/index.php\/wp-json\/wp\/v2\/media\/5353"}],"wp:attachment":[{"href":"https:\/\/wiac740.com\/index.php\/wp-json\/wp\/v2\/media?parent=5352"}],"wp:term":[{"taxonomy":"category","embeddable":true,"href":"https:\/\/wiac740.com\/index.php\/wp-json\/wp\/v2\/categories?post=5352"},{"taxonomy":"post_tag","embeddable":true,"href":"https:\/\/wiac740.com\/index.php\/wp-json\/wp\/v2\/tags?post=5352"}],"curies":[{"name":"wp","href":"https:\/\/api.w.org\/{rel}","templated":true}]}}