{"id":6467,"date":"2023-02-10T17:27:09","date_gmt":"2023-02-10T21:27:09","guid":{"rendered":"https:\/\/wiac740.com\/?p=6467"},"modified":"2023-02-10T17:28:38","modified_gmt":"2023-02-10T21:28:38","slug":"algarabia-y-color-en-la-celebracion-del-carnval-del-plata-juan-boria-en-su-edicion-50","status":"publish","type":"post","link":"https:\/\/wiac740.com\/index.php\/2023\/02\/10\/algarabia-y-color-en-la-celebracion-del-carnval-del-plata-juan-boria-en-su-edicion-50\/","title":{"rendered":"ALGARAB\u00cdA Y COLOR EN LA CELEBRACI\u00d3N DEL CARNVAL DEL PLATA JUAN BORIA EN SU EDICI\u00d3N 50"},"content":{"rendered":"<p><strong>DORADO<\/strong>\u2013 Hoy arranc\u00f3 el Carnaval del Plata Juan Boria, repleto de algarab\u00eda, color, m\u00fasica y bailes. En esta fiesta de pueblo que estuvo encabezada por el alcalde de Dorado, Carlos A. L\u00f3pez Rivera, y una decena de pleneros y comparsas, se unieron dorade\u00f1os y visitantes del exterior a compartir la alegr\u00eda del Carnaval.<\/p>\n<p>&nbsp;<\/p>\n<p>Con el tradicional \u201cMira qu\u00e9 bonito Dorado es\u2026\u201d, \u201cAdi\u00f3s mam\u00e1, adi\u00f3s pap\u00e1, que yo me voy pa\u2019 la comparsa\u2026\u201d y el famoso tuntuneco, se realiz\u00f3 el primer desfile que marca el inicio del Carnaval del Plata.\u00a0 El alcalde de Dorado hizo una invitaci\u00f3n para que disfruten este fin de semana con artistas de renombre.<\/p>\n<p>&nbsp;<\/p>\n<p>A continuaci\u00f3n el calendario de actividades:<\/p>\n<p><a href=\"https:\/\/www.perspectivaactual.com\/wp-content\/uploads\/2023\/02\/carnaval-del-plata.jpg\"><img loading=\"lazy\" decoding=\"async\" class=\"alignnone wp-image-5969 size-full\" src=\"https:\/\/www.perspectivaactual.com\/wp-content\/uploads\/2023\/02\/carnaval-del-plata.jpg\" alt=\"\" width=\"772\" height=\"1024\" \/><\/a><\/p>\n","protected":false},"excerpt":{"rendered":"<p>DORADO\u2013 Hoy arranc\u00f3 el Carnaval del Plata Juan Boria, repleto de algarab\u00eda, color, m\u00fasica y bailes. En esta fiesta de pueblo que estuvo encabezada por el alcalde de Dorado, Carlos A. L\u00f3pez Rivera, y una decena de pleneros y comparsas, se unieron dorade\u00f1os y visitantes del exterior a compartir la alegr\u00eda del Carnaval. &nbsp; Con [&hellip;]<\/p>\n","protected":false},"author":5,"featured_media":6468,"comment_status":"open","ping_status":"open","sticky":false,"template":"","format":"standard","meta":{"footnotes":""},"categories":[44,2],"tags":[],"class_list":{"0":"post-6467","1":"post","2":"type-post","3":"status-publish","4":"format-standard","5":"has-post-thumbnail","7":"category-cultura","8":"category-featured"},"aioseo_notices":[],"_links":{"self":[{"href":"https:\/\/wiac740.com\/index.php\/wp-json\/wp\/v2\/posts\/6467","targetHints":{"allow":["GET"]}}],"collection":[{"href":"https:\/\/wiac740.com\/index.php\/wp-json\/wp\/v2\/posts"}],"about":[{"href":"https:\/\/wiac740.com\/index.php\/wp-json\/wp\/v2\/types\/post"}],"author":[{"embeddable":true,"href":"https:\/\/wiac740.com\/index.php\/wp-json\/wp\/v2\/users\/5"}],"replies":[{"embeddable":true,"href":"https:\/\/wiac740.com\/index.php\/wp-json\/wp\/v2\/comments?post=6467"}],"version-history":[{"count":0,"href":"https:\/\/wiac740.com\/index.php\/wp-json\/wp\/v2\/posts\/6467\/revisions"}],"wp:featuredmedia":[{"embeddable":true,"href":"https:\/\/wiac740.com\/index.php\/wp-json\/wp\/v2\/media\/6468"}],"wp:attachment":[{"href":"https:\/\/wiac740.com\/index.php\/wp-json\/wp\/v2\/media?parent=6467"}],"wp:term":[{"taxonomy":"category","embeddable":true,"href":"https:\/\/wiac740.com\/index.php\/wp-json\/wp\/v2\/categories?post=6467"},{"taxonomy":"post_tag","embeddable":true,"href":"https:\/\/wiac740.com\/index.php\/wp-json\/wp\/v2\/tags?post=6467"}],"curies":[{"name":"wp","href":"https:\/\/api.w.org\/{rel}","templated":true}]}}