{"id":6648,"date":"2023-03-17T13:52:55","date_gmt":"2023-03-17T17:52:55","guid":{"rendered":"https:\/\/wiac740.com\/?p=6648"},"modified":"2023-03-17T13:52:55","modified_gmt":"2023-03-17T17:52:55","slug":"gobernador-y-fema-anuncian-llegada-de-generadores-electricos-para-estabilizar-sistema-en-temporada-de-huracanes","status":"publish","type":"post","link":"https:\/\/wiac740.com\/index.php\/2023\/03\/17\/gobernador-y-fema-anuncian-llegada-de-generadores-electricos-para-estabilizar-sistema-en-temporada-de-huracanes\/","title":{"rendered":"GOBERNADOR Y FEMA ANUNCIAN LLEGADA DE GENERADORES EL\u00c9CTRICOS PARA ESTABILIZAR SISTEMA EN TEMPORADA DE HURACANES"},"content":{"rendered":"<p style=\"font-weight: 400;\"><strong>SAN JUAN \u2013 <\/strong>El gobernador de Puerto Rico, Pedro R. Pierluisi, y la coordinadora de la Agencia Federal para el Manejo de Emergencias (FEMA, por sus siglas en ingl\u00e9s), Nancy Casper, anunciaron hoy la llegada de los primeros generadores el\u00e9ctricos que proporcionar\u00e1n aproximadamente 150 megavatios de energ\u00eda el\u00e9ctrica adicional para ayudar a estabilizar la red durante la temporada de huracanes y que ser\u00e1n instalados en la Central Termoel\u00e9ctrica de Palo Seco.<\/p>\n<p style=\"font-weight: 400;\">\n<p style=\"font-weight: 400;\">Luego del hurac\u00e1n Fiona, el gobierno de Puerto Rico realiz\u00f3 una solicitud formal de asistencia a FEMA para lograr estabilizar el sistema energ\u00e9tico, mientras contin\u00faan los trabajos de reconstrucci\u00f3n de la red el\u00e9ctrica, las mejoras a las plantas de generaci\u00f3n de energ\u00eda y los proyectos de gran escala de energ\u00eda renovable. En noviembre pasado, y en respuesta al pedido del gobernador Pierluisi, FEMA cre\u00f3 el Grupo de Trabajo para la Estabilizaci\u00f3n del Sistema El\u00e9ctrico de Puerto Rico que junto a esta administraci\u00f3n y FEMA, se compone tambi\u00e9n del Departamento de Energ\u00eda federal, el Cuerpo de Ingenieros del Ej\u00e9rcito de Estados Unidos y la Agencia para la Protecci\u00f3n del Ambiente (EPA). El objetivo es que estas unidades est\u00e9n en funcionamiento en el pico de la temporada de huracanes.<\/p>\n<p style=\"font-weight: 400;\">\n<p style=\"font-weight: 400;\">\u201cLa transformaci\u00f3n de nuestro sistema el\u00e9ctrico es prioritario para nuestra administraci\u00f3n y es un \u00e1rea en la que tenemos el apoyo inequ\u00edvoco del gobierno federal, tanto por medio de FEMA, como con las iniciativas que lidera la secretaria del Departamento de Energ\u00eda de Estados Unidos. El Grupo de Trabajo propuso acciones a corto plazo para aumentar la capacidad de generaci\u00f3n de manera temporera, as\u00ed como para mejorar el sistema de transmisi\u00f3n y distribuci\u00f3n. Una de las acciones principales para aumentar la generaci\u00f3n es el despliegue de varios mega generadores que suplir\u00e1n 350 megavatios de energ\u00eda. En el d\u00eda de hoy podemos anunciar que ya han llegado los primeros tres megas generadores que ser\u00e1n parte del equipo que suplir\u00e1 150 megavatios de energ\u00eda desde la Central Palo Seco\u201d, sostuvo el gobernador.<\/p>\n<p style=\"font-weight: 400;\">\n<p style=\"font-weight: 400;\">El primer ejecutivo a\u00f1adi\u00f3 que, \u201cesta generaci\u00f3n adicional es sumamente importante para aumentar la capacidad de proveerle electricidad a nuestro pueblo y reducir los apagones imprevistos por falta de generaci\u00f3n o por problemas con las plantas, especialmente en la temporada de huracanes\u201d.<\/p>\n<p style=\"font-weight: 400;\">\n<p style=\"font-weight: 400;\">Por su parte, Casper indic\u00f3 que \u201cjunto con nuestros colaboradores locales y federales, FEMA trabaja diligentemente para asegurar que haya un sistema de generaci\u00f3n de energ\u00eda provisional antes de la parte m\u00e1s activa de la temporada de huracanes. Esta soluci\u00f3n provisional ayudar\u00e1 a proveer estabilidad al sistema el\u00e9ctrico de Puerto Rico, para mantener suficiente energ\u00eda y capacidad de reserva para satisfacer las necesidades de sus clientes\u201d.<\/p>\n<p style=\"font-weight: 400;\"><strong>\u00a0<\/strong><\/p>\n<p style=\"font-weight: 400;\">Pierluisi explic\u00f3 que la capacidad de generaci\u00f3n provisional es fundamental para reducir el riesgo de cortes de electricidad imprevistos y complementar la capacidad de reserva de generaci\u00f3n. Estas acciones apoyar\u00e1n las reparaciones en curso del sistema el\u00e9ctrico existente que, a su vez, establecer\u00e1n las condiciones para una transici\u00f3n exitosa a la infraestructura de energ\u00eda renovable. Ambas acciones contribuyen al objetivo final de construir un sistema el\u00e9ctrico estable en Puerto Rico en apoyo de PR100, un plan de energ\u00eda renovable a largo plazo que propone la transici\u00f3n de Puerto Rico a una red que funcione con un 100 por ciento de fuentes de energ\u00eda renovables o alternativas para 2050.<\/p>\n<p style=\"font-weight: 400;\">El proceso de compra y contrataci\u00f3n est\u00e1 a cargo del Cuerpo de Ingenieros del Ej\u00e9rcito de Estados Unidos. Para la instalaci\u00f3n de estos primeros tres mega generadores se contrat\u00f3 a Weston Solutions, y para los pr\u00f3ximos ya hay un requerimiento de propuestas activo que debe concluir pronto. Todo el trabajo que FEMA y el Grupo de Trabajo est\u00e1n realizando est\u00e1 siendo coordinado con el componente local del sistema energ\u00e9tico para que los trabajos se realicen de forma sistem\u00e1tica.<\/p>\n<p style=\"font-weight: 400;\">\n<p style=\"font-weight: 400;\">\u201cTodos estamos enfocados en adelantar la transformaci\u00f3n y modernizaci\u00f3n del sistema el\u00e9ctrico, para que de esa forma nuestro pueblo cuente con el servicio estable y confiable que merece. Vuelvo a agradecer a la administraci\u00f3n del presidente Biden porque sigue apoyando a Puerto Rico con palabra y acci\u00f3n\u201d, concluy\u00f3 el gobernador Pierluisi.<\/p>\n<p style=\"font-weight: 400;\">\n","protected":false},"excerpt":{"rendered":"<p>SAN JUAN \u2013 El gobernador de Puerto Rico, Pedro R. Pierluisi, y la coordinadora de la Agencia Federal para el Manejo de Emergencias (FEMA, por sus siglas en ingl\u00e9s), Nancy Casper, anunciaron hoy la llegada de los primeros generadores el\u00e9ctricos que proporcionar\u00e1n aproximadamente 150 megavatios de energ\u00eda el\u00e9ctrica adicional para ayudar a estabilizar la red [&hellip;]<\/p>\n","protected":false},"author":5,"featured_media":6649,"comment_status":"open","ping_status":"open","sticky":false,"template":"","format":"standard","meta":{"footnotes":""},"categories":[41,2],"tags":[],"class_list":{"0":"post-6648","1":"post","2":"type-post","3":"status-publish","4":"format-standard","5":"has-post-thumbnail","7":"category-eneria-electrica","8":"category-featured"},"aioseo_notices":[],"_links":{"self":[{"href":"https:\/\/wiac740.com\/index.php\/wp-json\/wp\/v2\/posts\/6648","targetHints":{"allow":["GET"]}}],"collection":[{"href":"https:\/\/wiac740.com\/index.php\/wp-json\/wp\/v2\/posts"}],"about":[{"href":"https:\/\/wiac740.com\/index.php\/wp-json\/wp\/v2\/types\/post"}],"author":[{"embeddable":true,"href":"https:\/\/wiac740.com\/index.php\/wp-json\/wp\/v2\/users\/5"}],"replies":[{"embeddable":true,"href":"https:\/\/wiac740.com\/index.php\/wp-json\/wp\/v2\/comments?post=6648"}],"version-history":[{"count":0,"href":"https:\/\/wiac740.com\/index.php\/wp-json\/wp\/v2\/posts\/6648\/revisions"}],"wp:featuredmedia":[{"embeddable":true,"href":"https:\/\/wiac740.com\/index.php\/wp-json\/wp\/v2\/media\/6649"}],"wp:attachment":[{"href":"https:\/\/wiac740.com\/index.php\/wp-json\/wp\/v2\/media?parent=6648"}],"wp:term":[{"taxonomy":"category","embeddable":true,"href":"https:\/\/wiac740.com\/index.php\/wp-json\/wp\/v2\/categories?post=6648"},{"taxonomy":"post_tag","embeddable":true,"href":"https:\/\/wiac740.com\/index.php\/wp-json\/wp\/v2\/tags?post=6648"}],"curies":[{"name":"wp","href":"https:\/\/api.w.org\/{rel}","templated":true}]}}