{"id":6691,"date":"2023-03-22T19:36:44","date_gmt":"2023-03-22T23:36:44","guid":{"rendered":"https:\/\/wiac740.com\/?p=6691"},"modified":"2023-03-22T19:54:42","modified_gmt":"2023-03-22T23:54:42","slug":"culpable-ex-alcalde-de-guaynabo-angel-pe","status":"publish","type":"post","link":"https:\/\/wiac740.com\/index.php\/2023\/03\/22\/culpable-ex-alcalde-de-guaynabo-angel-pe\/","title":{"rendered":"CULPABLE EX ALCALDE DE GUAYNABO \u00c1NGEL P\u00c9REZ OTERO"},"content":{"rendered":"<p><strong>SAN JUAN &#8211; <\/strong>Un jurado compuesto por diez mujeres y dos hombres encontr\u00f3 culpable, de manera un\u00e1nime esta tarde al ex alcalde de Guaynabo \u00c1ngel P\u00e9rez Otero por los tres cargos soborno, conspiraci\u00f3n y extorsi\u00f3n que pesaban en su contra.\u00a0 La deliberaci\u00f3n, que dur\u00f3 casi 4 horas, tuvo lugar en el sexto d\u00eda del juicio contra el ex primer ejecutivo municipal.<\/p>\n<p>La vista de sentencia fue se\u00f1alada para el 8 de agosto por la jueza Aida Delgado, quien inform\u00f3 que \u00e9ste podr\u00e1 continuar en libertad hasta esa fecha.<\/p>\n<p>P\u00e9rez Otero, quien se explone a una pena de entre 4 y 7 a\u00f1os en prisi\u00f3n fue arrestado en diciembre de 2021 y tuvo que renunciar al cargo posteriormente.<\/p>\n","protected":false},"excerpt":{"rendered":"<p>SAN JUAN &#8211; Un jurado compuesto por diez mujeres y dos hombres encontr\u00f3 culpable, de manera un\u00e1nime esta tarde al ex alcalde de Guaynabo \u00c1ngel P\u00e9rez Otero por los tres cargos soborno, conspiraci\u00f3n y extorsi\u00f3n que pesaban en su contra.\u00a0 La deliberaci\u00f3n, que dur\u00f3 casi 4 horas, tuvo lugar en el sexto d\u00eda del juicio [&hellip;]<\/p>\n","protected":false},"author":5,"featured_media":6692,"comment_status":"open","ping_status":"open","sticky":false,"template":"","format":"standard","meta":{"footnotes":""},"categories":[2,9],"tags":[],"class_list":{"0":"post-6691","1":"post","2":"type-post","3":"status-publish","4":"format-standard","5":"has-post-thumbnail","7":"category-featured","8":"category-gobierno"},"aioseo_notices":[],"_links":{"self":[{"href":"https:\/\/wiac740.com\/index.php\/wp-json\/wp\/v2\/posts\/6691","targetHints":{"allow":["GET"]}}],"collection":[{"href":"https:\/\/wiac740.com\/index.php\/wp-json\/wp\/v2\/posts"}],"about":[{"href":"https:\/\/wiac740.com\/index.php\/wp-json\/wp\/v2\/types\/post"}],"author":[{"embeddable":true,"href":"https:\/\/wiac740.com\/index.php\/wp-json\/wp\/v2\/users\/5"}],"replies":[{"embeddable":true,"href":"https:\/\/wiac740.com\/index.php\/wp-json\/wp\/v2\/comments?post=6691"}],"version-history":[{"count":0,"href":"https:\/\/wiac740.com\/index.php\/wp-json\/wp\/v2\/posts\/6691\/revisions"}],"wp:featuredmedia":[{"embeddable":true,"href":"https:\/\/wiac740.com\/index.php\/wp-json\/wp\/v2\/media\/6692"}],"wp:attachment":[{"href":"https:\/\/wiac740.com\/index.php\/wp-json\/wp\/v2\/media?parent=6691"}],"wp:term":[{"taxonomy":"category","embeddable":true,"href":"https:\/\/wiac740.com\/index.php\/wp-json\/wp\/v2\/categories?post=6691"},{"taxonomy":"post_tag","embeddable":true,"href":"https:\/\/wiac740.com\/index.php\/wp-json\/wp\/v2\/tags?post=6691"}],"curies":[{"name":"wp","href":"https:\/\/api.w.org\/{rel}","templated":true}]}}