{"id":6703,"date":"2023-03-23T14:17:51","date_gmt":"2023-03-23T18:17:51","guid":{"rendered":"https:\/\/wiac740.com\/?p=6703"},"modified":"2023-03-23T14:17:51","modified_gmt":"2023-03-23T18:17:51","slug":"patronos-y-trabajadores-cafetaleros-son-reconocidos-durante-el-dia-de-logros-cosecha-del-cafe","status":"publish","type":"post","link":"https:\/\/wiac740.com\/index.php\/2023\/03\/23\/patronos-y-trabajadores-cafetaleros-son-reconocidos-durante-el-dia-de-logros-cosecha-del-cafe\/","title":{"rendered":"PATRONOS Y TRABAJADORES CAFETALEROS SON RECONOCIDOS DURANTE EL \u201cD\u00cdA DE LOGROS COSECHA DEL CAF\u00c9\u201d"},"content":{"rendered":"<p dir=\"ltr\"><strong>LARES \u2013<\/strong> Miembros del sector cafetalero fueron reconocidos por el Departamento del Trabajo y Recursos Humanos (DTRH) en el \u201cD\u00eda de Logros Cosecha del Caf\u00e9\u201d. Teniendo como escenario la Hacienda Los Eucaliptos de Lares, el titular de la agencia, Gabriel Maldonado-Gonz\u00e1lez, premi\u00f3 a patronos y trabajadores de las regiones agr\u00edcolas de Arecibo, Caguas, Lares, Mayag\u00fcez, Naranjito, Ponce, San Germ\u00e1n y Utuado.<\/p>\n<p>&nbsp;<\/p>\n<p dir=\"ltr\">El secretario del Trabajo destac\u00f3 que \u201clos logros de estos trabajadores y patronos son el reflejo de un esfuerzo colectivo que ha conseguido mantener en pie una industria tan importante como la del caf\u00e9, que genera miles de empleos directos e indirectos. En el DTRH estamos comprometidos con nuestros agricultores y continuaremos promoviendo que el sector agr\u00edcola siga allegando m\u00e1s trabajadores, tanto de Puerto Rico como extranjeros por medio de la visa H-2A. Asimismo, que los patronos tengan el conocimiento y las herramientas necesarias para operar su negocio en cumplimiento con las leyes y reglamentos aplicables, as\u00ed como espacios de trabajo salubres y libres de riesgos\u201d.<\/p>\n<p>&nbsp;<\/p>\n<p dir=\"ltr\">Por su parte, el titular del Departamento de Agricultura, Ram\u00f3n Gonz\u00e1lez Beir\u00f3, enfatiz\u00f3 en la importancia del caf\u00e9 como uno de los principales productos agr\u00edcolas que promueve la econom\u00eda de la monta\u00f1a. \u201cEl esfuerzo y la dedicaci\u00f3n de los productores y recogedores de caf\u00e9 con la industria es la raz\u00f3n por la cual damos la batalla para establecer mecanismos y conseguir incentivos que fomenten la producci\u00f3n del caf\u00e9 en Puerto Rico. Hoy, reconocemos el arduo esfuerzo de los trabajadores en la producci\u00f3n del caf\u00e9, por mantener una\u00a0 industria que es de suma importancia para la agricultura y proveernos, desde nuestros campos a nuestras tazas, un caf\u00e9 de calidad\u201d, expres\u00f3 Gonz\u00e1lez.<\/p>\n<p>&nbsp;<\/p>\n<p dir=\"ltr\">La administraci\u00f3n del gobernador Pedro Pierluisi realiz\u00f3 los ajustes necesarios en el precio del caf\u00e9, en comparaci\u00f3n al mercado, logrando un sistema m\u00e1s equitativo que busca evitar competencia desleal entre el caf\u00e9 local y el importado.\u00a0 Adem\u00e1s, se contin\u00faa otorgando incentivos, bonos de recogido, subsidios salariales y asistencia de abono y maquinaria con fondos que sobrepasan los $10 millones de d\u00f3lares, con el fin de robustecer la industria. Para el primer ejecutivo \u201ces importante que tengamos un sector de agricultura fuerte, que cada d\u00eda nuestra producci\u00f3n local crezca y que logremos promover la seguridad alimentaria en nuestra Isla. Los desastres naturales recientes han sido duros para nuestro caf\u00e9, pero nuestros agricultores cafetaleros han demostrado su val\u00eda, su determinaci\u00f3n y compromiso. Y ya vemos c\u00f3mo la cosecha est\u00e1 vibrante y c\u00f3mo cada d\u00eda nuestros agricultores salen de sol a sol a echar hacia adelante esta industria insigne puertorrique\u00f1a.\u00a0 Mi gobierno les apoya y siempre vamos a buscar ayudarles y velar por la industria cafetalera de Puerto Rico\u201d.<\/p>\n<p>&nbsp;<\/p>\n<p dir=\"ltr\">En cuanto a las premiaciones se reconoci\u00f3 los patronos que m\u00e1s caf\u00e9 recolectaron. Estos fueron: Siembra Finca FVE\/Coffee Roaster (regi\u00f3n agr\u00edcola Arecibo), Frankie Gonz\u00e1lez Morales (regi\u00f3n agr\u00edcola Caguas), Jos\u00e9 L. Torres Olivencia (regi\u00f3n agr\u00edcola Lares), Jos\u00e9 L. Rodr\u00edguez (regi\u00f3n agr\u00edcola Mayag\u00fcez), Rafael Mel\u00e9ndez Figueroa (regi\u00f3n agr\u00edcola Naranjito), Carlos Acevedo Rivera (regi\u00f3n agr\u00edcola Ponce),<\/p>\n<p dir=\"ltr\">Evaristo Lebr\u00f3n Rivera (regi\u00f3n agr\u00edcola San Germ\u00e1n) y Hacienda Monte Alto (regi\u00f3n agr\u00edcola Utuado).<\/p>\n<p>&nbsp;<\/p>\n<p dir=\"ltr\">Los premios para trabajadores agr\u00edcolas mayores recolectores de caf\u00e9 se otorgaron a:<\/p>\n<p dir=\"ltr\">Wilson Sanabria Alicea (regi\u00f3n agr\u00edcola Arecibo), Abraham Gonz\u00e1lez (regi\u00f3n Agr\u00edcola Caguas), Luis Geraldo Silva (regi\u00f3n agr\u00edcola Lares) y Jos\u00e9 Rivera Curet (regi\u00f3n agr\u00edcola Mayag\u00fcez). Del mismo modo, Carmen Mel\u00e9ndez Col\u00f3n (regi\u00f3n agr\u00edcola Naranjito), Jaynell Albert D\u00edaz (regi\u00f3n agr\u00edcola Ponce), Madeline Ruiz Orengo (regi\u00f3n agr\u00edcola San Germ\u00e1n) y Marcos A. Mantos P\u00e9rez (regi\u00f3n agr\u00edcola Utuado).<\/p>\n<p>&nbsp;<\/p>\n<p dir=\"ltr\">Finalmente, el reconocimiento al patrono que m\u00e1s utiliz\u00f3 el Servicio de Empleo para reclutar empleados lo recibi\u00f3 Jos\u00e9 L. Torres Olivencia, propietario de la Hacienda Los Eucaliptos de Lares y la empresa Caf\u00e9 Oro de Puerto Rico.<\/p>\n","protected":false},"excerpt":{"rendered":"<p>LARES \u2013 Miembros del sector cafetalero fueron reconocidos por el Departamento del Trabajo y Recursos Humanos (DTRH) en el \u201cD\u00eda de Logros Cosecha del Caf\u00e9\u201d. Teniendo como escenario la Hacienda Los Eucaliptos de Lares, el titular de la agencia, Gabriel Maldonado-Gonz\u00e1lez, premi\u00f3 a patronos y trabajadores de las regiones agr\u00edcolas de Arecibo, Caguas, Lares, Mayag\u00fcez, [&hellip;]<\/p>\n","protected":false},"author":5,"featured_media":6704,"comment_status":"open","ping_status":"open","sticky":false,"template":"","format":"standard","meta":{"footnotes":""},"categories":[42,2],"tags":[],"class_list":{"0":"post-6703","1":"post","2":"type-post","3":"status-publish","4":"format-standard","5":"has-post-thumbnail","7":"category-agricultura","8":"category-featured"},"aioseo_notices":[],"_links":{"self":[{"href":"https:\/\/wiac740.com\/index.php\/wp-json\/wp\/v2\/posts\/6703","targetHints":{"allow":["GET"]}}],"collection":[{"href":"https:\/\/wiac740.com\/index.php\/wp-json\/wp\/v2\/posts"}],"about":[{"href":"https:\/\/wiac740.com\/index.php\/wp-json\/wp\/v2\/types\/post"}],"author":[{"embeddable":true,"href":"https:\/\/wiac740.com\/index.php\/wp-json\/wp\/v2\/users\/5"}],"replies":[{"embeddable":true,"href":"https:\/\/wiac740.com\/index.php\/wp-json\/wp\/v2\/comments?post=6703"}],"version-history":[{"count":0,"href":"https:\/\/wiac740.com\/index.php\/wp-json\/wp\/v2\/posts\/6703\/revisions"}],"wp:featuredmedia":[{"embeddable":true,"href":"https:\/\/wiac740.com\/index.php\/wp-json\/wp\/v2\/media\/6704"}],"wp:attachment":[{"href":"https:\/\/wiac740.com\/index.php\/wp-json\/wp\/v2\/media?parent=6703"}],"wp:term":[{"taxonomy":"category","embeddable":true,"href":"https:\/\/wiac740.com\/index.php\/wp-json\/wp\/v2\/categories?post=6703"},{"taxonomy":"post_tag","embeddable":true,"href":"https:\/\/wiac740.com\/index.php\/wp-json\/wp\/v2\/tags?post=6703"}],"curies":[{"name":"wp","href":"https:\/\/api.w.org\/{rel}","templated":true}]}}