{"id":6739,"date":"2023-03-28T20:27:59","date_gmt":"2023-03-29T00:27:59","guid":{"rendered":"https:\/\/wiac740.com\/?p=6739"},"modified":"2023-03-28T20:28:53","modified_gmt":"2023-03-29T00:28:53","slug":"tatito-hernandez-acusa-a-pierluisi-de-que-en-su-gobierno-las-cosas-no-pasan","status":"publish","type":"post","link":"https:\/\/wiac740.com\/index.php\/2023\/03\/28\/tatito-hernandez-acusa-a-pierluisi-de-que-en-su-gobierno-las-cosas-no-pasan\/","title":{"rendered":"TATITO HERN\u00c1NDEZ ACUSA A PIERLUISI DE QUE EN SU GOBIERNO LAS &#8220;COSAS NO PASAN&#8221;"},"content":{"rendered":"<p>EL CAPITOLIO \u2013 gobernador de Puerto Rico, Pedro Pierluisi Urrutia ofreci\u00f3 hoy, martes, desde el hemiciclo de la C\u00e1mara de Representantes el primer mensaje de Estado del a\u00f1o detallando cu\u00e1l ha sido la gesti\u00f3n de su gobierno para atender los asuntos prioritarios del pa\u00eds.<\/p>\n<p>Para el presidente de la C\u00e1mara, Rafael Hern\u00e1ndez Monta\u00f1ez, \u201cel mensaje del gobernador le minti\u00f3 al pa\u00eds. Respetuosamente, le pedimos que no se preste para la mentira. Durante su mensaje, el gobernador repiti\u00f3 sin sentido que su administraci\u00f3n hace que las cosas pasen. El pa\u00eds completo y especialmente, su propio gobierno, han reconocido que en la administraci\u00f3n de Pedro Pierluisi las cosas no est\u00e1n pasando\u201d.<\/p>\n<p>&nbsp;<\/p>\n<p>En conferencia de prensa, Hern\u00e1ndez Monta\u00f1ez abund\u00f3 sobre los temas de la reconstrucci\u00f3n del pa\u00eds que abord\u00f3 el gobernador. \u201cLos fondos de reconstrucci\u00f3n ya fueron desembolsados por FEMA, pero las agencias no han ejecutado los proyectos. A seis a\u00f1os del hurac\u00e1n Mar\u00eda, es inaceptable que no se haya completado ni un solo proyecto de obra permanente\u201d, destac\u00f3.<\/p>\n<p>&nbsp;<\/p>\n<p>Al mismo tiempo, el l\u00edder cameral indic\u00f3 \u201cque el gobernador anunci\u00f3 el supuesto progreso de los proyectos para reconstruir nuestro sistema el\u00e9ctrico. Sin embargo, de los $9,500 millones desembolsados, solo se han utilizado $213 millones, para un raqu\u00edtico 2.26%. Hoy mismo, nuestro sistema sufri\u00f3 un relevo de carga, pues no han completado ning\u00fan proyecto para modernizar nuestra red de transmisi\u00f3n y distribuci\u00f3n\u201d.<\/p>\n<p>&nbsp;<\/p>\n<p>En detalle, Hern\u00e1ndez Monta\u00f1ez indic\u00f3 que en el caso de la Autoridad de Acueductos y Alcantarillados (AAA), solamente se ha utilizado un 6.25% de los fondos ya desembolsados.<\/p>\n<p>&nbsp;<\/p>\n<p>Por otro lado, al Departamento de Educaci\u00f3n, FEMA le desembols\u00f3 $2 mil millones y solo han utilizado $306 millones, para un 14.8%. \u201cPero m\u00e1s indignante a\u00fan es que, hasta el momento, Educaci\u00f3n no tiene ni un solo proyecto de obra permanente completado, seg\u00fan los datos del propio portal de su gobierno y el COR3\u201d, insisti\u00f3.<\/p>\n<p>&nbsp;<\/p>\n<p>\u201cEn el caso de la Universidad de Puerto Rico (UPR), eso llora ante los ojos de Dios. De los 185 proyectos para los cuales se han desembolsado $772 millones, solo han utilizado $2 millones, para un 0.29%\u201d, detall\u00f3 Hern\u00e1ndez Monta\u00f1ez.<\/p>\n<p>&nbsp;<\/p>\n<p>Por otra parte, el l\u00edder cameral arremeti\u00f3 contra el presidente de la Palma, \u201cpor adjudicarse como logros suyos m\u00faltiples iniciativas y proyectos de la autor\u00eda de la delegaci\u00f3n del Partido Popular Democr\u00e1tico en la C\u00e1mara\u201d.<\/p>\n<p>&nbsp;<\/p>\n<p>A modo de ejemplo, Hern\u00e1ndez Monta\u00f1ez se\u00f1al\u00f3 que Pierluisi Urrutia se atribuy\u00f3 logros como el aumento a los maestros del sistema p\u00fablico, la justicia salarial a la clase trabajadora y las negociaciones con la Junta de Control Fiscal (JCF) para lograr la reestructuraci\u00f3n de la deuda del pa\u00eds.<\/p>\n<p>&nbsp;<\/p>\n<p>\u201cPor otra parte, cuando el gobernador habla de fortalecer a los municipios, fuimos nosotros en la C\u00e1mara los que asignamos $62 millones para mitigar el recorte de $44 millones a los municipios a trav\u00e9s del Fondo de Equiparaci\u00f3n Municipal, que se usar\u00eda para el recogido de desperdicios s\u00f3lidos y programas de reciclajes\u201d.<\/p>\n<p>&nbsp;<\/p>\n<p>El mensaje de Hern\u00e1ndez Monta\u00f1ez tambi\u00e9n cont\u00f3 con el apoyo del presidente de la Asociaci\u00f3n de Alcaldes de Puerto Rico, Luis Javier Hern\u00e1ndez Ortiz.<\/p>\n","protected":false},"excerpt":{"rendered":"<p>EL CAPITOLIO \u2013 gobernador de Puerto Rico, Pedro Pierluisi Urrutia ofreci\u00f3 hoy, martes, desde el hemiciclo de la C\u00e1mara de Representantes el primer mensaje de Estado del a\u00f1o detallando cu\u00e1l ha sido la gesti\u00f3n de su gobierno para atender los asuntos prioritarios del pa\u00eds. Para el presidente de la C\u00e1mara, Rafael Hern\u00e1ndez Monta\u00f1ez, \u201cel mensaje [&hellip;]<\/p>\n","protected":false},"author":5,"featured_media":6740,"comment_status":"open","ping_status":"open","sticky":false,"template":"","format":"standard","meta":{"footnotes":""},"categories":[2,9],"tags":[],"class_list":{"0":"post-6739","1":"post","2":"type-post","3":"status-publish","4":"format-standard","5":"has-post-thumbnail","7":"category-featured","8":"category-gobierno"},"aioseo_notices":[],"_links":{"self":[{"href":"https:\/\/wiac740.com\/index.php\/wp-json\/wp\/v2\/posts\/6739","targetHints":{"allow":["GET"]}}],"collection":[{"href":"https:\/\/wiac740.com\/index.php\/wp-json\/wp\/v2\/posts"}],"about":[{"href":"https:\/\/wiac740.com\/index.php\/wp-json\/wp\/v2\/types\/post"}],"author":[{"embeddable":true,"href":"https:\/\/wiac740.com\/index.php\/wp-json\/wp\/v2\/users\/5"}],"replies":[{"embeddable":true,"href":"https:\/\/wiac740.com\/index.php\/wp-json\/wp\/v2\/comments?post=6739"}],"version-history":[{"count":0,"href":"https:\/\/wiac740.com\/index.php\/wp-json\/wp\/v2\/posts\/6739\/revisions"}],"wp:featuredmedia":[{"embeddable":true,"href":"https:\/\/wiac740.com\/index.php\/wp-json\/wp\/v2\/media\/6740"}],"wp:attachment":[{"href":"https:\/\/wiac740.com\/index.php\/wp-json\/wp\/v2\/media?parent=6739"}],"wp:term":[{"taxonomy":"category","embeddable":true,"href":"https:\/\/wiac740.com\/index.php\/wp-json\/wp\/v2\/categories?post=6739"},{"taxonomy":"post_tag","embeddable":true,"href":"https:\/\/wiac740.com\/index.php\/wp-json\/wp\/v2\/tags?post=6739"}],"curies":[{"name":"wp","href":"https:\/\/api.w.org\/{rel}","templated":true}]}}