{"id":7072,"date":"2023-06-06T01:27:39","date_gmt":"2023-06-06T05:27:39","guid":{"rendered":"https:\/\/wiac740.com\/?p=7072"},"modified":"2023-06-06T01:30:20","modified_gmt":"2023-06-06T05:30:20","slug":"vivienda-anuncia-mejoras-en-la-casa-protegida-julia-de-burgos-con-fondos-de-recuperacion","status":"publish","type":"post","link":"https:\/\/wiac740.com\/index.php\/2023\/06\/06\/vivienda-anuncia-mejoras-en-la-casa-protegida-julia-de-burgos-con-fondos-de-recuperacion\/","title":{"rendered":"VIVIENDA ANUNCIA MEJORAS EN LA CASA PROTEGIDA JULIA DE BURGOS CON FONDOS DE RECUPERACI\u00d3N"},"content":{"rendered":"<p style=\"font-weight: 400;\"><b>SAN JUAN &#8211;\u00a0<\/b><span style=\"font-weight: 400;\"> El secretario de Vivienda, William Rodr\u00edguez Rodr\u00edguez, firm\u00f3 hoy un acuerdo con Casa Protegida Julia de Burgos, que permitir\u00e1 la instalaci\u00f3n de placas solares y otros equipos en la entidad que sirve de albergue para mujeres y ni\u00f1os en riesgo inminente de violencia dom\u00e9stica.<br \/>\n<\/span><\/p>\n<p style=\"font-weight: 400;\">El acuerdo de $270,000 ser\u00e1 financiado mediante el programa de Vivienda de Inter\u00e9s Social (SIH por sus siglas en ingl\u00e9s) bajo los fondos de recuperaci\u00f3n CDBG-DR.<\/p>\n<p style=\"font-weight: 400;\">\u201cEste proyecto promover\u00e1 la eficiencia energ\u00e9tica, reparaci\u00f3n de techos, y pintura interior y exterior del edificio de esta organizaci\u00f3n que ofrece un servicio muy importante en nuestra sociedad para un grupo vulnerable. De igual forma, el proyecto contempla la compra de equipo de cocina, mejorando a\u00fan m\u00e1s la funcionalidad y sostenibilidad del albergue. Una vez m\u00e1s vemos los fondos de recuperaci\u00f3n al servicio de los m\u00e1s necesitados y sin duda marca un paso significativo hacia la restauraci\u00f3n de la seguridad de las mujeres y ni\u00f1os\u201d, expres\u00f3 Rodr\u00edguez Rodr\u00edguez.<\/p>\n<p style=\"font-weight: 400;\">Durante la firma del acuerdo -en el que tambi\u00e9n particip\u00f3 la directora de la Oficina Propia del Gobernador, Caridad Pierluisi- se estableci\u00f3 que el objetivo de la entidad es crear un entorno seguro y acogedor, donde las familias puedan superar situaciones dif\u00edciles y comenzar el proceso de reconstrucci\u00f3n de sus vidas.<\/p>\n<p style=\"font-weight: 400;\">Por su parte, la directora ejecutiva interina de la Casa Protegida Julia de Burgos, Lenna Marielys Ram\u00edrez Cintr\u00f3n, asegur\u00f3 que \u201ccontar con los fondos CBDG-DR del Programa de Inter\u00e9s Social del Departamento de la Vivienda, nos permite transformar el albergue de Casa Julia en un espacio resiliente para nuestras participantes y para el personal que all\u00ed labora. Nuestros albergues son un servicio esencial para salvar la vida de mujeres y menores sobrevivientes de violencia dom\u00e9stica en peligro inminente\u201d.<\/p>\n<p style=\"font-weight: 400;\">De igual forma, Ram\u00edrez Cintr\u00f3n a\u00f1adi\u00f3 que \u201creconocemos que, en momentos de emergencia, los casos de violencia aumentan y es el compromiso de Casa Julia poder brindar un espacio seguro donde puedan refugiarse y tener el apoyo necesario para construir vidas libres. Agradecemos el apoyo para fortalecer nuestro albergue y continuar nuestra misi\u00f3n de erradicar la violencia y construir un Puerto Rico de equidad\u201d.<\/p>\n<p style=\"font-weight: 400;\">Esta organizaci\u00f3n ofrece protecci\u00f3n, seguridad y apoyo inmediato, con un equipo multidisciplinario integrado por profesionales en consejer\u00eda, trabajo social, servicios psicol\u00f3gicos y asistencia legal.<\/p>\n<p style=\"font-weight: 400;\">Casa Julia se encuentra bajo la subvenci\u00f3n del programa SIH, el cual es administrado por el Departamento de la Vivienda de Puerto Rico. El programa tiene un presupuesto de $37.5 millones. Abarca un total de 18 proyectos, de los cuales 17 son desarrollos multifamiliares. En la actualidad, ocho proyectos est\u00e1n en construcci\u00f3n, mientras que diez proyectos se enfocan en reparaciones.<\/p>\n","protected":false},"excerpt":{"rendered":"<p>SAN JUAN &#8211;\u00a0 El secretario de Vivienda, William Rodr\u00edguez Rodr\u00edguez, firm\u00f3 hoy un acuerdo con Casa Protegida Julia de Burgos, que permitir\u00e1 la instalaci\u00f3n de placas solares y otros equipos en la entidad que sirve de albergue para mujeres y ni\u00f1os en riesgo inminente de violencia dom\u00e9stica. El acuerdo de $270,000 ser\u00e1 financiado mediante el [&hellip;]<\/p>\n","protected":false},"author":5,"featured_media":7073,"comment_status":"open","ping_status":"open","sticky":false,"template":"","format":"standard","meta":{"footnotes":""},"categories":[2,34],"tags":[],"class_list":{"0":"post-7072","1":"post","2":"type-post","3":"status-publish","4":"format-standard","5":"has-post-thumbnail","7":"category-featured","8":"category-vivienda"},"aioseo_notices":[],"_links":{"self":[{"href":"https:\/\/wiac740.com\/index.php\/wp-json\/wp\/v2\/posts\/7072","targetHints":{"allow":["GET"]}}],"collection":[{"href":"https:\/\/wiac740.com\/index.php\/wp-json\/wp\/v2\/posts"}],"about":[{"href":"https:\/\/wiac740.com\/index.php\/wp-json\/wp\/v2\/types\/post"}],"author":[{"embeddable":true,"href":"https:\/\/wiac740.com\/index.php\/wp-json\/wp\/v2\/users\/5"}],"replies":[{"embeddable":true,"href":"https:\/\/wiac740.com\/index.php\/wp-json\/wp\/v2\/comments?post=7072"}],"version-history":[{"count":0,"href":"https:\/\/wiac740.com\/index.php\/wp-json\/wp\/v2\/posts\/7072\/revisions"}],"wp:featuredmedia":[{"embeddable":true,"href":"https:\/\/wiac740.com\/index.php\/wp-json\/wp\/v2\/media\/7073"}],"wp:attachment":[{"href":"https:\/\/wiac740.com\/index.php\/wp-json\/wp\/v2\/media?parent=7072"}],"wp:term":[{"taxonomy":"category","embeddable":true,"href":"https:\/\/wiac740.com\/index.php\/wp-json\/wp\/v2\/categories?post=7072"},{"taxonomy":"post_tag","embeddable":true,"href":"https:\/\/wiac740.com\/index.php\/wp-json\/wp\/v2\/tags?post=7072"}],"curies":[{"name":"wp","href":"https:\/\/api.w.org\/{rel}","templated":true}]}}