{"id":7314,"date":"2023-07-06T18:22:46","date_gmt":"2023-07-06T22:22:46","guid":{"rendered":"https:\/\/wiac740.com\/?p=7314"},"modified":"2023-07-06T18:22:46","modified_gmt":"2023-07-06T22:22:46","slug":"anuncian-designaciones-para-la-junta-de-sindicos-del-fideicomiso-de-conservacion","status":"publish","type":"post","link":"https:\/\/wiac740.com\/index.php\/2023\/07\/06\/anuncian-designaciones-para-la-junta-de-sindicos-del-fideicomiso-de-conservacion\/","title":{"rendered":"ANUNCIAN DESIGNACIONES PARA LA JUNTA DE S\u00cdNDICOS DEL FIDEICOMISO DE CONSERVACI\u00d3N"},"content":{"rendered":"<p><strong>SAN JUAN \u2013<\/strong>\u00a0El gobernador de Puerto Rico, Pedro R. Pierluisi, y el subsecretario del Departamento del Interior, Tommy Beaudreau, anunciaron hoy la designaci\u00f3n de la doctora Ana Mar\u00eda Garc\u00eda Blanco y de Roberto Serrall\u00e9s como miembros de la Junta de S\u00edndicos del Fideicomiso de Conservaci\u00f3n de Puerto Rico. A ellos se suma Blas Fonalledas quien fue renominado por Pierluisi para un nuevo t\u00e9rmino.<\/p>\n<p>\u201cMe complace anunciar el nombramiento de los tres miembros de la Junta de Fiduciarios del Fideicomiso de Conservaci\u00f3n de Puerto Rico por un t\u00e9rmino de tres a\u00f1os. Este es un nombramiento conjunto entre la secretaria Haaland y este servidor bajo el Memorando de Entendimiento de 1968 entre el Departamento del Interior de los Estados Unidos y el Gobierno de Puerto Rico\u201d, coment\u00f3 el gobernador en la conferencia de prensa que se realiz\u00f3 en el Antiguo Acueducto de R\u00edo Piedras en el Jard\u00edn Bot\u00e1nico de la Universidad de Puerto Rico.<\/p>\n<p>Garc\u00eda Blanco, quien pertenece al Consejo Asesor del Fideicomiso de Conservaci\u00f3n, es una prestigiosa educadora graduada de la Universidad de Harvard y pionera de la educaci\u00f3n Montessori. Serrall\u00e9s, quien funge como miembro de la Junta de Directores de Para La Naturaleza, es un empresario de la industria del ron y miembro de la reconocida familia y destiler\u00eda Serrall\u00e9s, la cual lleva produciendo ron puertorrique\u00f1o desde el 1865. Mientras,\u00a0 Fonalledas lleva desde el 2012 colaborando con el Fideicomiso y forma parte de la Junta de Fiduciarios desde el 2019.<\/p>\n<p>\u201cEs un honor para m\u00ed poder compartir estas nominaciones y continuar apoyando la misi\u00f3n del Fideicomiso de Conservaci\u00f3n de Puerto Rico. El Fideicomiso es una entidad clave para la protecci\u00f3n de nuestros recursos naturales, as\u00ed como para ayudar a educar a nuestra gente sobre la importancia de los esfuerzos de conservaci\u00f3n del medio ambiente. Su labor es de gran importancia para Puerto Rico, para las generaciones futuras y para nuestro ambiente\u201d, concluy\u00f3 Pierluisi.<\/p>\n","protected":false},"excerpt":{"rendered":"<p>SAN JUAN \u2013\u00a0El gobernador de Puerto Rico, Pedro R. Pierluisi, y el subsecretario del Departamento del Interior, Tommy Beaudreau, anunciaron hoy la designaci\u00f3n de la doctora Ana Mar\u00eda Garc\u00eda Blanco y de Roberto Serrall\u00e9s como miembros de la Junta de S\u00edndicos del Fideicomiso de Conservaci\u00f3n de Puerto Rico. A ellos se suma Blas Fonalledas quien [&hellip;]<\/p>\n","protected":false},"author":5,"featured_media":7315,"comment_status":"open","ping_status":"open","sticky":false,"template":"","format":"standard","meta":{"footnotes":""},"categories":[32,2],"tags":[],"class_list":{"0":"post-7314","1":"post","2":"type-post","3":"status-publish","4":"format-standard","5":"has-post-thumbnail","7":"category-ambiente","8":"category-featured"},"aioseo_notices":[],"_links":{"self":[{"href":"https:\/\/wiac740.com\/index.php\/wp-json\/wp\/v2\/posts\/7314","targetHints":{"allow":["GET"]}}],"collection":[{"href":"https:\/\/wiac740.com\/index.php\/wp-json\/wp\/v2\/posts"}],"about":[{"href":"https:\/\/wiac740.com\/index.php\/wp-json\/wp\/v2\/types\/post"}],"author":[{"embeddable":true,"href":"https:\/\/wiac740.com\/index.php\/wp-json\/wp\/v2\/users\/5"}],"replies":[{"embeddable":true,"href":"https:\/\/wiac740.com\/index.php\/wp-json\/wp\/v2\/comments?post=7314"}],"version-history":[{"count":0,"href":"https:\/\/wiac740.com\/index.php\/wp-json\/wp\/v2\/posts\/7314\/revisions"}],"wp:featuredmedia":[{"embeddable":true,"href":"https:\/\/wiac740.com\/index.php\/wp-json\/wp\/v2\/media\/7315"}],"wp:attachment":[{"href":"https:\/\/wiac740.com\/index.php\/wp-json\/wp\/v2\/media?parent=7314"}],"wp:term":[{"taxonomy":"category","embeddable":true,"href":"https:\/\/wiac740.com\/index.php\/wp-json\/wp\/v2\/categories?post=7314"},{"taxonomy":"post_tag","embeddable":true,"href":"https:\/\/wiac740.com\/index.php\/wp-json\/wp\/v2\/tags?post=7314"}],"curies":[{"name":"wp","href":"https:\/\/api.w.org\/{rel}","templated":true}]}}