{"id":7519,"date":"2023-08-30T17:12:53","date_gmt":"2023-08-30T21:12:53","guid":{"rendered":"https:\/\/wiac740.com\/?p=7519"},"modified":"2023-08-30T17:12:53","modified_gmt":"2023-08-30T21:12:53","slug":"asume-inicia-vistas-publicas-sobre-borrador-de-reglamento-de-guias-para-pensiones-alimentarias","status":"publish","type":"post","link":"https:\/\/wiac740.com\/index.php\/2023\/08\/30\/asume-inicia-vistas-publicas-sobre-borrador-de-reglamento-de-guias-para-pensiones-alimentarias\/","title":{"rendered":"ASUME INICIA VISTAS P\u00daBLICAS SOBRE BORRADOR DE REGLAMENTO DE GU\u00cdAS PARA PENSIONES ALIMENTARIAS"},"content":{"rendered":"<p style=\"text-align: left;\" align=\"center\"><strong>SAN JUAN<\/strong> &#8211; La Administraci\u00f3n para el Sustento de Menores (ASUME) iniciar\u00e1 ma\u00f1ana el proceso de vistas p\u00fablicas con relaci\u00f3n al borrador del reglamento de las Gu\u00edas Mandatorias para fijar y modificar las pensiones alimentaria en Puerto Rico.<\/p>\n<p align=\"justify\">\n<p align=\"justify\">El objetivo de estas vistas p\u00fablicas es garantizar la equidad y el bienestar de todos los involucrados en el sistema de pensi\u00f3n alimentaria, incluyendo a los menores. La ASUME reconoce la importancia de contar con un sistema justo y actualizado que refleje las necesidades cambiantes de las familias en Puerto Rico.<\/p>\n<p align=\"justify\">\n<p align=\"justify\">El proceso de vistas p\u00fablicas brindar\u00e1 a la ciudadan\u00eda la oportunidad de expresar sus opiniones, compartir sus experiencias y contribuir a la mejora continua de las Gu\u00edas Mandatorias de pensi\u00f3n alimentaria. La ASUME valora los aportes de los interesados en participar del proceso en busca de incorporar diversas perspectivas en la toma de decisiones.<\/p>\n<p align=\"justify\">\n<p>\u00a0A continuaci\u00f3n las fechas y lugares de las vistas p\u00fablicas que se realizar\u00e1n en 10 regiones a trav\u00e9s de toda la isla en ASUME y la Rama Judicial:<\/p>\n<p>&nbsp;<\/p>\n<p>31 de agosto de 2023<\/p>\n<p>Horario: 10:00am a 12:00 del mediod\u00eda<\/p>\n<p>Sala Administrativa de ASUME, Carolina<\/p>\n<p>Centro de Gobierno, Ave Fern\u00e1ndez Juncos, 1er Piso, Carolina, PR<\/p>\n<p>&nbsp;<\/p>\n<p>6 de septiembre de 2023<\/p>\n<p>Horario: 10:00 am a doce del mediod\u00eda<\/p>\n<p>Centro Judicial de Arecibo<\/p>\n<p>Sala de Sesiones 304<\/p>\n<p>553 Avenida Jos\u00e9 A. Cede\u00f1o, Arecibo, PR<\/p>\n<p>&nbsp;<\/p>\n<p>&nbsp;<\/p>\n<p>8 de septiembre de 2023<\/p>\n<p>Horario: 10:00am a 12:00 del mediod\u00eda<\/p>\n<p>Centro Judicial de Bayam\u00f3n<\/p>\n<p>Sala de Sesiones 706<\/p>\n<p>Carr. 2 Km 10.4, Esquina Calle Esteban Padilla, Bayam\u00f3n, PR<\/p>\n<p>&nbsp;<\/p>\n<p>13 de septiembre de 2023<\/p>\n<p>Horario: 10:00am a 12:00 del mediod\u00eda<\/p>\n<p>Centro Judicial de Caguas<\/p>\n<p>Sal\u00f3n de Sesiones 704<\/p>\n<p>Carr. PR1, Intersecci\u00f3n PR 189<\/p>\n<p>Km 0.4, Barrio Bairoa (Entrada Norte Pueblo Caguas), Caguas, PR<\/p>\n<p>&nbsp;<\/p>\n<p>&nbsp;<\/p>\n<p>15 de septiembre de 2023<\/p>\n<p>Horario: 10:00am a 12:00 del mediod\u00eda<\/p>\n<p>Sal\u00f3n de Conferencias Regi\u00f3n Aguadilla<\/p>\n<p>Calle Mu\u00f1oz Rivera, Esq. Esteves,<\/p>\n<p>Centro Gubernamental, 6to piso, Aguadilla, PR<\/p>\n<p>&nbsp;<\/p>\n<p>&nbsp;<\/p>\n<p>20 de septiembre de 2023<\/p>\n<p>Horario: 10:00am a 12:00 del mediod\u00eda<\/p>\n<p>Sala Administrativa ASUME, Guayama<\/p>\n<p>Edificio FISA Piso 4,\u00a0Frente al Instituto Tecnol\u00f3gico, Guayama, PR<\/p>\n<p>&nbsp;<\/p>\n<p>&nbsp;<\/p>\n<p>22 de septiembre de 2023<\/p>\n<p>Horario: 10:00am a 12:00 del mediod\u00eda<\/p>\n<p>Sala Administrativa ASUME, Humacao<\/p>\n<p>Boulevard Office Plaza, 4to piso, Humacao, PR<\/p>\n<p>&nbsp;<\/p>\n<p>27 de septiembre de 2023<\/p>\n<p>Horario: 10:00am a 12:00 del mediod\u00eda<\/p>\n<p>Centro Judicial de Mayag\u00fcez<\/p>\n<p>Sala de Sesiones 303<\/p>\n<p>91 Avenida Hiram David Cabassa<\/p>\n<p>(Esquina con la Carr. PR2) Mayag\u00fcez, PR<\/p>\n<p>&nbsp;<\/p>\n<p>&nbsp;<\/p>\n<p>29 de septiembre de 2023<\/p>\n<p>Horario: 10:00am a 12:00 del mediod\u00eda<\/p>\n<p>Sala Administrativa ASUME, Ponce<\/p>\n<p>210 Sabaneta Industrial Park, Mercedita, Ponce, PR<\/p>\n<p>&nbsp;<\/p>\n<p>4 de octubre de 2023<\/p>\n<p>Horario: 10:00am a 12:00 del mediod\u00eda<\/p>\n<p>Centro Judicial de San Juan<\/p>\n<p>Sala de Sesiones 702<\/p>\n<p>Ave. Mu\u00f1oz Rivera, Esquina Coll y Toste, Parada 37, San Juan, PR<\/p>\n<p align=\"justify\">\n<p align=\"justify\">Si el ciudadano no puede participar del proceso de vistas p\u00fablicas tambi\u00e9n tendr\u00e1 la alternativa de someter sus comentarios mediante correo electr\u00f3nico a <a href=\"mailto:guiasmandatorias@asume.pr.gov\" target=\"_blank\" rel=\"noopener noreferrer\">guiasmandatorias@asume.pr.gov<\/a>.<\/p>\n","protected":false},"excerpt":{"rendered":"<p>SAN JUAN &#8211; La Administraci\u00f3n para el Sustento de Menores (ASUME) iniciar\u00e1 ma\u00f1ana el proceso de vistas p\u00fablicas con relaci\u00f3n al borrador del reglamento de las Gu\u00edas Mandatorias para fijar y modificar las pensiones alimentaria en Puerto Rico. El objetivo de estas vistas p\u00fablicas es garantizar la equidad y el bienestar de todos los involucrados [&hellip;]<\/p>\n","protected":false},"author":5,"featured_media":7520,"comment_status":"open","ping_status":"open","sticky":false,"template":"","format":"standard","meta":{"footnotes":""},"categories":[2,9],"tags":[],"class_list":{"0":"post-7519","1":"post","2":"type-post","3":"status-publish","4":"format-standard","5":"has-post-thumbnail","7":"category-featured","8":"category-gobierno"},"aioseo_notices":[],"_links":{"self":[{"href":"https:\/\/wiac740.com\/index.php\/wp-json\/wp\/v2\/posts\/7519","targetHints":{"allow":["GET"]}}],"collection":[{"href":"https:\/\/wiac740.com\/index.php\/wp-json\/wp\/v2\/posts"}],"about":[{"href":"https:\/\/wiac740.com\/index.php\/wp-json\/wp\/v2\/types\/post"}],"author":[{"embeddable":true,"href":"https:\/\/wiac740.com\/index.php\/wp-json\/wp\/v2\/users\/5"}],"replies":[{"embeddable":true,"href":"https:\/\/wiac740.com\/index.php\/wp-json\/wp\/v2\/comments?post=7519"}],"version-history":[{"count":0,"href":"https:\/\/wiac740.com\/index.php\/wp-json\/wp\/v2\/posts\/7519\/revisions"}],"wp:featuredmedia":[{"embeddable":true,"href":"https:\/\/wiac740.com\/index.php\/wp-json\/wp\/v2\/media\/7520"}],"wp:attachment":[{"href":"https:\/\/wiac740.com\/index.php\/wp-json\/wp\/v2\/media?parent=7519"}],"wp:term":[{"taxonomy":"category","embeddable":true,"href":"https:\/\/wiac740.com\/index.php\/wp-json\/wp\/v2\/categories?post=7519"},{"taxonomy":"post_tag","embeddable":true,"href":"https:\/\/wiac740.com\/index.php\/wp-json\/wp\/v2\/tags?post=7519"}],"curies":[{"name":"wp","href":"https:\/\/api.w.org\/{rel}","templated":true}]}}