{"id":7576,"date":"2023-09-18T15:22:19","date_gmt":"2023-09-18T19:22:19","guid":{"rendered":"https:\/\/wiac740.com\/?p=7576"},"modified":"2023-09-18T15:22:43","modified_gmt":"2023-09-18T19:22:43","slug":"fallece-la-ex-primera-dama-kate-o","status":"publish","type":"post","link":"https:\/\/wiac740.com\/index.php\/2023\/09\/18\/fallece-la-ex-primera-dama-kate-o\/","title":{"rendered":"FALLECE LA EX PRIMERA DAMA KATE DONNELLY"},"content":{"rendered":"<p>La Ex Primera Dama, Kate Donnelly, viuda del Ex Gobernador Carlos Romero Barcel\u00f3 falleci\u00f3 hoy, seg\u00fan confirm\u00f3 su hija, Melinda Romero Donnelly, en redes sociales.<\/p>\n<p>\u201cCon profundo pesar y dolor en el alma comunico el fallecimiento de mi madre adorada y amorosa, amiga leal y pilar de nuestra familia y la familia puertorrique\u00f1a. Su partida deja un vac\u00edo insustituible que recordaremos con el amor, sabidur\u00eda, la bondad y ecuanimidad que le caracterizaba. Hoy el cielo se llena de sus Besitos de Coco al lado del hombre al que tanto am\u00f3 y del amor que siempre le brind\u00f3 a su familia extendida. Vuela alto mami, nuestra eterna Primera Dama, hija adoptiva de Puerto Rico, Do\u00f1a Kate\u201d, public\u00f3 Romero Donelly.<\/p>\n<p>Donnelly se desempe\u00f1\u00f3 como Primera Dama, de 1977 a 1985, durante la gobernaci\u00f3n de su esposo, quien falleci\u00f3 en 2021.<\/p>\n<p><iframe loading=\"lazy\" style=\"border: none; overflow: hidden;\" src=\"https:\/\/www.facebook.com\/plugins\/post.php?href=https%3A%2F%2Fwww.facebook.com%2Fmkromerodonnelly%2Fposts%2Fpfbid0CNxfuD53Rp7wGqPg8u5euEWkp5NwmHxiTVxsfmXidKcnpsrAyc1DkpaUREaFrk9sl&amp;show_text=true&amp;width=500\" width=\"500\" height=\"582\" frameborder=\"0\" scrolling=\"no\" allowfullscreen=\"allowfullscreen\"><\/iframe><\/p>\n","protected":false},"excerpt":{"rendered":"<p>La Ex Primera Dama, Kate Donnelly, viuda del Ex Gobernador Carlos Romero Barcel\u00f3 falleci\u00f3 hoy, seg\u00fan confirm\u00f3 su hija, Melinda Romero Donnelly, en redes sociales. \u201cCon profundo pesar y dolor en el alma comunico el fallecimiento de mi madre adorada y amorosa, amiga leal y pilar de nuestra familia y la familia puertorrique\u00f1a. Su partida [&hellip;]<\/p>\n","protected":false},"author":5,"featured_media":7579,"comment_status":"open","ping_status":"open","sticky":false,"template":"","format":"standard","meta":{"footnotes":""},"categories":[2,29],"tags":[],"class_list":{"0":"post-7576","1":"post","2":"type-post","3":"status-publish","4":"format-standard","5":"has-post-thumbnail","7":"category-featured","8":"category-politica"},"aioseo_notices":[],"_links":{"self":[{"href":"https:\/\/wiac740.com\/index.php\/wp-json\/wp\/v2\/posts\/7576","targetHints":{"allow":["GET"]}}],"collection":[{"href":"https:\/\/wiac740.com\/index.php\/wp-json\/wp\/v2\/posts"}],"about":[{"href":"https:\/\/wiac740.com\/index.php\/wp-json\/wp\/v2\/types\/post"}],"author":[{"embeddable":true,"href":"https:\/\/wiac740.com\/index.php\/wp-json\/wp\/v2\/users\/5"}],"replies":[{"embeddable":true,"href":"https:\/\/wiac740.com\/index.php\/wp-json\/wp\/v2\/comments?post=7576"}],"version-history":[{"count":0,"href":"https:\/\/wiac740.com\/index.php\/wp-json\/wp\/v2\/posts\/7576\/revisions"}],"wp:featuredmedia":[{"embeddable":true,"href":"https:\/\/wiac740.com\/index.php\/wp-json\/wp\/v2\/media\/7579"}],"wp:attachment":[{"href":"https:\/\/wiac740.com\/index.php\/wp-json\/wp\/v2\/media?parent=7576"}],"wp:term":[{"taxonomy":"category","embeddable":true,"href":"https:\/\/wiac740.com\/index.php\/wp-json\/wp\/v2\/categories?post=7576"},{"taxonomy":"post_tag","embeddable":true,"href":"https:\/\/wiac740.com\/index.php\/wp-json\/wp\/v2\/tags?post=7576"}],"curies":[{"name":"wp","href":"https:\/\/api.w.org\/{rel}","templated":true}]}}