{"id":7733,"date":"2023-11-07T21:11:09","date_gmt":"2023-11-08T01:11:09","guid":{"rendered":"https:\/\/wiac740.com\/?p=7733"},"modified":"2023-11-07T21:16:48","modified_gmt":"2023-11-08T01:16:48","slug":"acuerdo-de-colaboracion-entre-upr-y-casa-pueblo-promovera-resiliencia-energetica-al-recinto-de-ri","status":"publish","type":"post","link":"https:\/\/wiac740.com\/index.php\/2023\/11\/07\/acuerdo-de-colaboracion-entre-upr-y-casa-pueblo-promovera-resiliencia-energetica-al-recinto-de-ri\/","title":{"rendered":"ACUERDO DE COLABORACI\u00d3N ENTRE UPR Y CASA PUEBLO PROMOVER\u00c1 RESILIENCIA ENERG\u00c9TICA AL RECINTO DE R\u00cdO PIEDRAS"},"content":{"rendered":"<p style=\"font-weight: 400;\"><b>SAN JUAN &#8211; <\/b><span style=\"font-weight: 400;\">El Recinto de R\u00edo Piedras de la Universidad de Puerto Rico (UPRRP) y Casa Pueblo de Adjuntas, Inc. (CPA) concretaron un acuerdo colaborativo mediante el cual CPA se compromete a acompa\u00f1ar y brindar su apoyo al recinto riopedrense de la UPR en un proceso de construcci\u00f3n de resiliencia energ\u00e9tica y aportar a la descarbonizaci\u00f3n del entorno universitario. De esta manera el recinto podr\u00eda producir energ\u00eda propia lo que representar\u00e1 para la UPR-RP una fuente de ingresos permanentes adicionales para el manejo de la crisis fiscal que enfrenta la instituci\u00f3n. As\u00ed lo anunciaron hoy en conferencia de prensa conjunta la Rectora de ese recinto, doctora Ang\u00e9lica Varela Llavona, y el director de CPA, doctor Arturo Massol-Dey\u00e1.<br \/>\n<\/span><\/p>\n<p style=\"font-weight: 400;\">Entre los aspectos que se trabajar\u00e1n en el marco de este acuerdo figuran temas como iluminaci\u00f3n, eficiencia energ\u00e9tica, estrategias de control inteligente para reducir desperdicios de energ\u00eda, pol\u00edticas institucionales con autogesti\u00f3n que promuevan el ahorro energ\u00e9tico de las diferentes unidades acad\u00e9micas y la generaci\u00f3n de energ\u00eda con el sol en el punto de consumo, o sea, en los techos de estructuras existentes o techos solares en \u00e1reas de estacionamiento.<\/p>\n<p style=\"font-weight: 400;\">Asimismo, como parte de este acuerdo de colaboraci\u00f3n se contempla implementar\u00a0una agenda amplia acad\u00e9mica y cultural incluyendo\u00a0un programa de internados de estudiantes de UPRRP en los proyectos de autogesti\u00f3n comunitaria de Adjuntas, la eventual publicaci\u00f3n de las \u201cCartas de Tinti y Alexis\u201d por parte de la Editorial de la UPR, esfuerzos de colaboraci\u00f3n entre Radio Universidad y Radio Casa Pueblo, as\u00ed como un encuentro art\u00edstico en el Teatro de la Universidad.<\/p>\n<p style=\"font-weight: 400;\">Para la doctora Varela Llavona \u201ceste acuerdo con una instituci\u00f3n de tanto prestigio y credibilidad como CPA representa no solo un gran honor para nuestro recinto, sino tambi\u00e9n una gran oportunidad de incorporarnos al nuevo paradigma energ\u00e9tico que busca atender la incuestionable crisis que plantea el cambio clim\u00e1tico. Confiamos que este intercambio de saberes y recursos sean de beneficio no solo para CPA y la UPR, sino para nuestra sociedad en general. Agradecemos al se\u00f1or Arturo Massol-Dey\u00e1 este abrazo a nuestra universidad, con la certeza de que el proyecto rendir\u00e1 los frutos esperados\u201d.<\/p>\n<p style=\"font-weight: 400;\">Por su parte, Massol-Dey\u00e1 expres\u00f3: \u201cde\u00a0mi parte podr\u00eda decir con toda certeza que hay algo muy sublime y justo en este acuerdo de trabajo que reconoce una larga trayectoria colaborativa y que, ante el cambio clim\u00e1tico y otros desaf\u00edos que tenemos por delante, el encuentro institucional academia-comunidad es fundamental. Unos quieren llevarnos a menos, a nosotros nos toca juntarnos para resistir, adaptarnos y cambiar con rumbo propio. La UPRRP es nuestra Casa Pueblo. Felices con la agenda propuesta\u201d.<\/p>\n<p style=\"font-weight: 400;\">Al finalizar la conferencia de prensa, celebrada en el Teatro del Recinto de R\u00edo Piedras, Massol-Dey\u00e1 junto a\u00a0Alexis Massol, fundador de CPA, hizo entrega de\u00a0la bandera de la resiliencia energ\u00e9tica, la cual ser\u00e1 izada para permanece ondeando de forma simb\u00f3lica en el campus universitario. El acuerdo de colaboraci\u00f3n tiene una vigencia de tres a\u00f1os.<\/p>\n","protected":false},"excerpt":{"rendered":"<p>SAN JUAN &#8211; El Recinto de R\u00edo Piedras de la Universidad de Puerto Rico (UPRRP) y Casa Pueblo de Adjuntas, Inc. (CPA) concretaron un acuerdo colaborativo mediante el cual CPA se compromete a acompa\u00f1ar y brindar su apoyo al recinto riopedrense de la UPR en un proceso de construcci\u00f3n de resiliencia energ\u00e9tica y aportar a [&hellip;]<\/p>\n","protected":false},"author":5,"featured_media":7735,"comment_status":"open","ping_status":"open","sticky":false,"template":"","format":"standard","meta":{"footnotes":""},"categories":[41,2],"tags":[],"class_list":{"0":"post-7733","1":"post","2":"type-post","3":"status-publish","4":"format-standard","5":"has-post-thumbnail","7":"category-eneria-electrica","8":"category-featured"},"aioseo_notices":[],"_links":{"self":[{"href":"https:\/\/wiac740.com\/index.php\/wp-json\/wp\/v2\/posts\/7733","targetHints":{"allow":["GET"]}}],"collection":[{"href":"https:\/\/wiac740.com\/index.php\/wp-json\/wp\/v2\/posts"}],"about":[{"href":"https:\/\/wiac740.com\/index.php\/wp-json\/wp\/v2\/types\/post"}],"author":[{"embeddable":true,"href":"https:\/\/wiac740.com\/index.php\/wp-json\/wp\/v2\/users\/5"}],"replies":[{"embeddable":true,"href":"https:\/\/wiac740.com\/index.php\/wp-json\/wp\/v2\/comments?post=7733"}],"version-history":[{"count":0,"href":"https:\/\/wiac740.com\/index.php\/wp-json\/wp\/v2\/posts\/7733\/revisions"}],"wp:featuredmedia":[{"embeddable":true,"href":"https:\/\/wiac740.com\/index.php\/wp-json\/wp\/v2\/media\/7735"}],"wp:attachment":[{"href":"https:\/\/wiac740.com\/index.php\/wp-json\/wp\/v2\/media?parent=7733"}],"wp:term":[{"taxonomy":"category","embeddable":true,"href":"https:\/\/wiac740.com\/index.php\/wp-json\/wp\/v2\/categories?post=7733"},{"taxonomy":"post_tag","embeddable":true,"href":"https:\/\/wiac740.com\/index.php\/wp-json\/wp\/v2\/tags?post=7733"}],"curies":[{"name":"wp","href":"https:\/\/api.w.org\/{rel}","templated":true}]}}