{"id":7768,"date":"2023-11-09T19:25:22","date_gmt":"2023-11-09T23:25:22","guid":{"rendered":"https:\/\/wiac740.com\/?p=7768"},"modified":"2023-11-09T19:25:22","modified_gmt":"2023-11-09T23:25:22","slug":"negociado-de-energia-aprueba-430-mv-de-proyectos-de-almacenamiento-de-energia","status":"publish","type":"post","link":"https:\/\/wiac740.com\/index.php\/2023\/11\/09\/negociado-de-energia-aprueba-430-mv-de-proyectos-de-almacenamiento-de-energia\/","title":{"rendered":"NEGOCIADO DE ENERG\u00cdA APRUEBA 430 MV DE PROYECTOS DE ALMACENAMIENTO DE ENERG\u00cdA"},"content":{"rendered":"<p style=\"font-weight: 400;\"><b>SAN JUAN<\/b><span style=\"font-weight: 400;\">\u2014 En un paso trascendental para la infraestructura energ\u00e9tica de Puerto Rico, el Negociado de Energ\u00eda ha aprobado un conjunto de proyectos que a\u00f1adir\u00e1n 430MW de capacidad de almacenamiento el\u00e9ctrico, capaces de suministrar energ\u00eda hasta por cuatro horas consecutivas. Esta acci\u00f3n es parte integral de la transformaci\u00f3n de la red el\u00e9ctrica y marca un avance significativo en la marcha hacia la resiliencia y sostenibilidad energ\u00e9tica.<br \/>\n<\/span><\/p>\n<p style=\"font-weight: 400;\">\n<p style=\"font-weight: 400;\">La resoluci\u00f3n emitida por el Negociado detalla la implementaci\u00f3n de sistemas avanzados de almacenamiento de energ\u00eda (BESS, por sus siglas en ingl\u00e9s) que ofrecer\u00e1n servicios esenciales como la regulaci\u00f3n de frecuencia y la reserva de energ\u00eda, fundamentales para mantener la continuidad y fiabilidad del suministro el\u00e9ctrico en la isla. Estos sistemas posibilitar\u00e1n la integraci\u00f3n de generaci\u00f3n renovable y proporcionar\u00e1n una capacidad de respuesta r\u00e1pida frente a fluctuaciones imprevistas de demanda o generaci\u00f3n, fortaleciendo as\u00ed la estabilidad de la red ante eventos que puedan poner en riesgo el sistema de interconexi\u00f3n de la Autoridad.<\/p>\n<p style=\"font-weight: 400;\">\n<p style=\"font-weight: 400;\">El ingeniero y abogado Edison Avil\u00e9s Deliz, presidente del Negociado, subray\u00f3 que &#8220;la incorporaci\u00f3n de estos sistemas de almacenamiento el\u00e9ctrico es un componente cr\u00edtico para modernizar nuestra infraestructura y para alcanzar la meta de energ\u00eda 100% renovable para el a\u00f1o 2050. Estos no solo mejorar\u00e1n la calidad y confiabilidad del servicio el\u00e9ctrico, sino que tambi\u00e9n representan un paso adelante en nuestra capacidad para manejar eficientemente la demanda de energ\u00eda y reducir las emisiones contaminantes&#8221;.<\/p>\n<p style=\"font-weight: 400;\">\n<p style=\"font-weight: 400;\">Con una inversi\u00f3n estimada de $647,580,000, los proyectos abarcan desde la transmisi\u00f3n y distribuci\u00f3n hasta las mejoras en la infraestructura de intercomunicaci\u00f3n y son una parte crucial del esfuerzo por modernizar la red el\u00e9ctrica de Puerto Rico. El Negociado ha solicitado a Genera PR presentar un alcance de trabajo detallado para cada sitio, asegurando as\u00ed la transparencia y la eficacia en la ejecuci\u00f3n de cada proyecto.<\/p>\n<p style=\"font-weight: 400;\">\n<p style=\"font-weight: 400;\">Estos sistemas tambi\u00e9n est\u00e1n dise\u00f1ados para ofrecer servicios de generaci\u00f3n distribuida y ayudar a mitigar los picos de demanda sin sobrecargar la red existente, maximizando la capacidad de inyecci\u00f3n el\u00e9ctrica disponible sin comprometer la integridad del sistema.<\/p>\n<p style=\"font-weight: 400;\">\n<p style=\"font-weight: 400;\">El Negociado reitera su compromiso con la supervisi\u00f3n y regulaci\u00f3n de estos proyectos, garantizando su alineaci\u00f3n con las pol\u00edticas energ\u00e9ticas de Puerto Rico.<\/p>\n<p style=\"font-weight: 400;\">\n","protected":false},"excerpt":{"rendered":"<p>SAN JUAN\u2014 En un paso trascendental para la infraestructura energ\u00e9tica de Puerto Rico, el Negociado de Energ\u00eda ha aprobado un conjunto de proyectos que a\u00f1adir\u00e1n 430MW de capacidad de almacenamiento el\u00e9ctrico, capaces de suministrar energ\u00eda hasta por cuatro horas consecutivas. Esta acci\u00f3n es parte integral de la transformaci\u00f3n de la red el\u00e9ctrica y marca un [&hellip;]<\/p>\n","protected":false},"author":5,"featured_media":7769,"comment_status":"open","ping_status":"open","sticky":false,"template":"","format":"standard","meta":{"footnotes":""},"categories":[41,2],"tags":[],"class_list":{"0":"post-7768","1":"post","2":"type-post","3":"status-publish","4":"format-standard","5":"has-post-thumbnail","7":"category-eneria-electrica","8":"category-featured"},"aioseo_notices":[],"_links":{"self":[{"href":"https:\/\/wiac740.com\/index.php\/wp-json\/wp\/v2\/posts\/7768","targetHints":{"allow":["GET"]}}],"collection":[{"href":"https:\/\/wiac740.com\/index.php\/wp-json\/wp\/v2\/posts"}],"about":[{"href":"https:\/\/wiac740.com\/index.php\/wp-json\/wp\/v2\/types\/post"}],"author":[{"embeddable":true,"href":"https:\/\/wiac740.com\/index.php\/wp-json\/wp\/v2\/users\/5"}],"replies":[{"embeddable":true,"href":"https:\/\/wiac740.com\/index.php\/wp-json\/wp\/v2\/comments?post=7768"}],"version-history":[{"count":0,"href":"https:\/\/wiac740.com\/index.php\/wp-json\/wp\/v2\/posts\/7768\/revisions"}],"wp:featuredmedia":[{"embeddable":true,"href":"https:\/\/wiac740.com\/index.php\/wp-json\/wp\/v2\/media\/7769"}],"wp:attachment":[{"href":"https:\/\/wiac740.com\/index.php\/wp-json\/wp\/v2\/media?parent=7768"}],"wp:term":[{"taxonomy":"category","embeddable":true,"href":"https:\/\/wiac740.com\/index.php\/wp-json\/wp\/v2\/categories?post=7768"},{"taxonomy":"post_tag","embeddable":true,"href":"https:\/\/wiac740.com\/index.php\/wp-json\/wp\/v2\/tags?post=7768"}],"curies":[{"name":"wp","href":"https:\/\/api.w.org\/{rel}","templated":true}]}}