{"id":7882,"date":"2023-12-21T15:43:26","date_gmt":"2023-12-21T19:43:26","guid":{"rendered":"https:\/\/wiac740.com\/?p=7882"},"modified":"2023-12-21T15:43:26","modified_gmt":"2023-12-21T19:43:26","slug":"denuncian-expropiacion-de-terrenos-por-parte-del-municipio-de-catano","status":"publish","type":"post","link":"https:\/\/wiac740.com\/index.php\/2023\/12\/21\/denuncian-expropiacion-de-terrenos-por-parte-del-municipio-de-catano\/","title":{"rendered":"DENUNCIAN EXPROPIACI\u00d3N DE TERRENOS POR PARTE DEL MUNICIPIO DE CATA\u00d1O"},"content":{"rendered":"<p><strong>SAN JUAN<\/strong> &#8211; La Comisi\u00f3n de Transportaci\u00f3n, Infraestructura y Obras P\u00fablicas de la C\u00e1mara de Representantes realiz\u00f3 una vista ocular en la Comunidad las Nereidas en el municipio de Cata\u00f1o para atender una problem\u00e1tica de expropiaci\u00f3n de terrenos.<\/p>\n<p><span style=\"font-weight: 400;\">En la vista presidida por la representante Gretchen Hau, atendi\u00f3 junto al presidente cameral, Rafael Hern\u00e1ndez Monta\u00f1ez y el representante \u00c1ngel Morey Noble a m\u00faltiples l\u00edderes comunitarios que denunciaron que el alcalde de Cata\u00f1o, Julio Alicea Vassallo segreg\u00f3 y expropi\u00f3 varios terrenos imposibilitando el acceso de estacionamiento de los residentes.<\/span><\/p>\n<p><span style=\"font-weight: 400;\">\u201cEsto es un atropello por parte de la administraci\u00f3n actual y m\u00e1s cuando lo que reclaman no tiene cabida por el hecho de que la oficina de Registro de Propiedad certific\u00f3 todas las propiedades debidamente. Todo est\u00e1 en ley\u201d, expres\u00f3 una de las l\u00edderes comunitarias, Griselle Gonz\u00e1lez.<\/span><\/p>\n<p><span style=\"font-weight: 400;\">Una de las peticiones que ha estado realizando es que se declaren las calles sin salida.<\/span><\/p>\n<p><span style=\"font-weight: 400;\">De igual forma, los l\u00edderes comunitarios confirmaron que Alicea Vassallo no ha informado de la situaci\u00f3n a la Legislatura Municipal ni ha radicado alguna Resoluci\u00f3n para atender la situaci\u00f3n.<\/span><\/p>\n<p><span style=\"font-weight: 400;\">\u201cEl Alcalde reclama que todas estas calles fueron construidas de forma ilegal, pero nosotros tenemos todas las escrituras y certificaciones necesarias que indican lo contrario\u201d, indic\u00f3 Gonz\u00e1lez.<\/span><\/p>\n<p><span style=\"font-weight: 400;\">De igual forma, Gonz\u00e1lez alert\u00f3 que el Ejecutivo Municipal no sigui\u00f3 los procesos correspondientes. \u201cNosotros hicimos el ejercicio de ir a OGPe y ellos lo que hicieron fue sacar los permisos de demolici\u00f3n y no de construcci\u00f3n. Ellos no ten\u00edan permiso de movimiento de corteza terrestre y ni tan siquiera hubo un ingeniero, agrimensor o arquitecto durante cada intervenci\u00f3n. Aqu\u00ed brincaron etapas y todos los procesos\u201d.<\/span><\/p>\n<p><span style=\"font-weight: 400;\">Por su parte, la presidenta de la Comisi\u00f3n, Hau expuso que \u201ces necesario seguir los procedimientos correspondientes y claramente aqu\u00ed no se realiz\u00f3. Se est\u00e1 afectando la calidad de vida de los residentes y eso no puede seguir siendo as\u00ed. En la Comisi\u00f3n estaremos atendiendo esta situaci\u00f3n con la prontitud e importancia que requiere\u201d.<\/span><\/p>\n<p><span style=\"font-weight: 400;\">Asimismo, el presidente de la C\u00e1mara, Hern\u00e1ndez Monta\u00f1ez destac\u00f3 que con la informaci\u00f3n recopilada proceder\u00e1n a tomar acci\u00f3n para resolver la problem\u00e1tica. \u201cComo de costumbre, siempre hemos estado receptivos y en la mayor disposici\u00f3n de escuchar y atender a todas las comunidades. Por lo que, ahora estamos enfocados en resolver esta situaci\u00f3n y brindarle la tranquilidad que se merecen todos los residentes de esta comunidad\u201d.<\/span><\/p>\n","protected":false},"excerpt":{"rendered":"<p>SAN JUAN &#8211; La Comisi\u00f3n de Transportaci\u00f3n, Infraestructura y Obras P\u00fablicas de la C\u00e1mara de Representantes realiz\u00f3 una vista ocular en la Comunidad las Nereidas en el municipio de Cata\u00f1o para atender una problem\u00e1tica de expropiaci\u00f3n de terrenos. En la vista presidida por la representante Gretchen Hau, atendi\u00f3 junto al presidente cameral, Rafael Hern\u00e1ndez Monta\u00f1ez [&hellip;]<\/p>\n","protected":false},"author":5,"featured_media":7883,"comment_status":"open","ping_status":"open","sticky":false,"template":"","format":"standard","meta":{"footnotes":""},"categories":[2,40],"tags":[],"class_list":{"0":"post-7882","1":"post","2":"type-post","3":"status-publish","4":"format-standard","5":"has-post-thumbnail","7":"category-featured","8":"category-municipios"},"aioseo_notices":[],"_links":{"self":[{"href":"https:\/\/wiac740.com\/index.php\/wp-json\/wp\/v2\/posts\/7882","targetHints":{"allow":["GET"]}}],"collection":[{"href":"https:\/\/wiac740.com\/index.php\/wp-json\/wp\/v2\/posts"}],"about":[{"href":"https:\/\/wiac740.com\/index.php\/wp-json\/wp\/v2\/types\/post"}],"author":[{"embeddable":true,"href":"https:\/\/wiac740.com\/index.php\/wp-json\/wp\/v2\/users\/5"}],"replies":[{"embeddable":true,"href":"https:\/\/wiac740.com\/index.php\/wp-json\/wp\/v2\/comments?post=7882"}],"version-history":[{"count":0,"href":"https:\/\/wiac740.com\/index.php\/wp-json\/wp\/v2\/posts\/7882\/revisions"}],"wp:featuredmedia":[{"embeddable":true,"href":"https:\/\/wiac740.com\/index.php\/wp-json\/wp\/v2\/media\/7883"}],"wp:attachment":[{"href":"https:\/\/wiac740.com\/index.php\/wp-json\/wp\/v2\/media?parent=7882"}],"wp:term":[{"taxonomy":"category","embeddable":true,"href":"https:\/\/wiac740.com\/index.php\/wp-json\/wp\/v2\/categories?post=7882"},{"taxonomy":"post_tag","embeddable":true,"href":"https:\/\/wiac740.com\/index.php\/wp-json\/wp\/v2\/tags?post=7882"}],"curies":[{"name":"wp","href":"https:\/\/api.w.org\/{rel}","templated":true}]}}