{"id":7887,"date":"2023-12-21T18:50:06","date_gmt":"2023-12-21T22:50:06","guid":{"rendered":"https:\/\/wiac740.com\/?p=7887"},"modified":"2023-12-21T18:50:06","modified_gmt":"2023-12-21T22:50:06","slug":"inauguran-centro-para-brindar-servicios-integrados-gratuitos-a-familias-y-ninos-en-san-juan","status":"publish","type":"post","link":"https:\/\/wiac740.com\/index.php\/2023\/12\/21\/inauguran-centro-para-brindar-servicios-integrados-gratuitos-a-familias-y-ninos-en-san-juan\/","title":{"rendered":"INAUGURAN CENTRO PARA BRINDAR SERVICIOS INTEGRADOS GRATUITOS A FAMILIAS Y NI\u00d1OS EN SAN JUAN"},"content":{"rendered":"<p dir=\"ltr\"><b>SAN JUAN<\/b> &#8211; El alcalde de la ciudad capital, Miguel A. Romero Lugo, inaugur\u00f3 hoy, el nuevo Centro 2 Generaciones\u00a0 de San Juan (2 Gen), ubicado en el edificio Abelardo D\u00edaz Alfaro en la calle C\u00e1diz #1236 de Puerto Nuevo, el cual tiene el prop\u00f3sito de brindar servicios que promuevan el bienestar de las familias, trabajando de manera interdisciplinaria y simult\u00e1neamente con ni\u00f1os en edad preescolar y sus padres.<\/p>\n<p dir=\"ltr\">La inauguraci\u00f3n del nuevo Centro 2 Generaciones se logr\u00f3 con una inversi\u00f3n de $843,022, proveniente de fondos federales bajo el Programa Child Care y $175,000 de fondos ordinarios municipales para un total de $1,018,022. El Centro 2 Gen San Juan, tendr\u00e1 a disposici\u00f3n seis empleados: director, auxiliar administrativo, coordinador program\u00e1tico, trabajadora social, coordinador comunitario y facilitador de alianza. La remodelada estructura ofrece un sal\u00f3n de autocuidado y bienestar, sal\u00f3n de juego, sal\u00f3n de tutor\u00edas, sal\u00f3n de adiestramiento y una biblioteca virtual para uso del personal y los padres.<\/p>\n<p dir=\"ltr\">\u201cHoy inauguramos un gran proyecto que beneficiar\u00e1 a las familias sanjuaneras, especialmente a las comunidades de Puerto Nuevo, Hato Rey y \u00e1reas lim\u00edtrofes. Desde el Centro 2 Generaciones,\u00a0 brindaremos apoyo y recursos a las familias y sus hijos, para que puedan fortalecer y acceder a servicios educativos, econ\u00f3micos, psicol\u00f3gicos y sociales; que son fundamentales para el m\u00e1ximo desarrollo de nuestros ni\u00f1os y j\u00f3venes. Fortaleciendo a las familias y sus comunidades, logramos su bienestar pleno, desde una perspectiva social \u00edntegra\u201d, afirm\u00f3 Romero Lugo. =<\/p>\n<p dir=\"ltr\">Junto al Alcalde, estuvieron presentes la primera dama de San Juan, Maritere Gonz\u00e1lez,\u00a0 Caridad Pierluisi, directora de la Oficina Propia del Gobernador, la secretaria del Departamento de la Familia, Cien\u00ed Rodr\u00edguez Troche y el administrador de Administraci\u00f3n para el Cuidado y Desarrollo Integral de la Ni\u00f1ez (ACUDEN), Roberto Carlos Pag\u00e1n.<\/p>\n<p dir=\"ltr\">Con el anuncio, la secretaria de la Familia, Rodr\u00edguez Troche, destac\u00f3 que, \u201cinauguramos un espacio que aporta directamente al desarrollo integral de nuestras familias en San Juan. La creaci\u00f3n de estos espacios no es solo parte de nuestro compromiso con la ni\u00f1ez, sino que tambi\u00e9n es una inversi\u00f3n a su futuro. Los Centros 2 Gen permitir\u00e1n que cada ni\u00f1o y ni\u00f1a tenga al alcance\u00a0 servicios de primera y una educaci\u00f3n primaria de excelencia\u201d.<\/p>\n<p dir=\"ltr\">Por su parte, el administrador de ACUDEN, Roberto Carlos Pag\u00e1n destac\u00f3: \u201clos centros 2 Gen son entornos donde los cuidados, la educaci\u00f3n y la protecci\u00f3n de nuestros menores es fundamental. Con una inversi\u00f3n de $843 mil logramos establecer una localidad para beneficio de las familias sanjuaneras, donde se atender\u00e1 su desarrollo y las necesidades de sus padres\u201d.<\/p>\n<p dir=\"ltr\">El Centro 2 Generaciones de San Juan, estar\u00e1 adscrito al Sistema Educativo Municipal de San Juan (SEMI), cuya directora es la doctora Evelyn Lafontaine. Adem\u00e1s del Municipio de San Juan, se espera que otros 26 municipios cuenten con un Centro 2 Generaciones.<\/p>\n<p><img loading=\"lazy\" decoding=\"async\" class=\"alignnone size-full wp-image-7888\" src=\"https:\/\/wiac740.com\/wp-content\/uploads\/2023\/12\/Gen-2-MSJ-copy.jpg\" alt=\"\" width=\"1280\" height=\"853\" srcset=\"https:\/\/wiac740.com\/wp-content\/uploads\/2023\/12\/Gen-2-MSJ-copy.jpg 1280w, https:\/\/wiac740.com\/wp-content\/uploads\/2023\/12\/Gen-2-MSJ-copy-300x200.jpg 300w, https:\/\/wiac740.com\/wp-content\/uploads\/2023\/12\/Gen-2-MSJ-copy-1024x682.jpg 1024w, https:\/\/wiac740.com\/wp-content\/uploads\/2023\/12\/Gen-2-MSJ-copy-768x512.jpg 768w, https:\/\/wiac740.com\/wp-content\/uploads\/2023\/12\/Gen-2-MSJ-copy-696x464.jpg 696w, https:\/\/wiac740.com\/wp-content\/uploads\/2023\/12\/Gen-2-MSJ-copy-1068x712.jpg 1068w, https:\/\/wiac740.com\/wp-content\/uploads\/2023\/12\/Gen-2-MSJ-copy-630x420.jpg 630w\" sizes=\"auto, (max-width: 1280px) 100vw, 1280px\" \/><\/p>\n<p dir=\"ltr\">Qu\u00e9 servicios pueden recibir padres e hijos en el Centro y c\u00f3mo solicitarlos:<\/p>\n<ol>\n<li dir=\"ltr\">\n<p dir=\"ltr\" role=\"presentation\">Orientaci\u00f3n, recursos y referidos: Los participantes recibir\u00e1n informaci\u00f3n y referidos sobre m\u00faltiples servicios para familias con ni\u00f1os en edad temprana, de acuerdo a sus necesidades y oportunidades. Los servicios dirigidos al bienestar de los ni\u00f1os en edad temprana disponibles en el sector p\u00fablico y organizaciones sin fines de lucro, entre otras.<\/p>\n<\/li>\n<li dir=\"ltr\">\n<p dir=\"ltr\" role=\"presentation\">Capacitaci\u00f3n financiera:\u00a0 Padres y cuidadores recibir\u00e1n orientaci\u00f3n sobre el buen uso y manejo del presupuesto familiar.\u00a0 Entendiendo que una de las barreras que enfrentan las familias son los problemas econ\u00f3micos y su efecto en la salud emocional de las familias.<\/p>\n<\/li>\n<li dir=\"ltr\">\n<p dir=\"ltr\" role=\"presentation\">M\u00f3dulos de bienestar emocional\/ integral &#8211; Resiliencia y recuperaci\u00f3n psicol\u00f3gica: Como parte de los servicios directos, se ofrecer\u00e1n actividades y capacitaci\u00f3n a las familias sobre el bienestar emocional para que puedan tener relaciones saludables y que puedan afrontar los factores estresantes de la vida con las herramientas necesarias.<\/p>\n<\/li>\n<li dir=\"ltr\">\n<p dir=\"ltr\" role=\"presentation\">Talleres de etapas de desarrollo: Desde el Centro, se ofrecer\u00e1n capacitaciones a las familias sobre temas de desarrollo infantil, incluyendo \u00e1reas del lenguaje y la comunicaci\u00f3n, relaciones positivas y apegos saludables, desarrollo socioemocional, f\u00edsico, cognoscitivo y educaci\u00f3n especial. Tambi\u00e9n\u00a0 se\u00a0 ofrecer\u00e1n\u00a0 talleres\u00a0 de\u00a0 temas\u00a0 relacionados al crecimiento y desarrollo humano,\u00a0 manejo\u00a0 de\u00a0 conducta, \u00a0 nutrici\u00f3n, \u00a0 seguridad,\u00a0 primeros\u00a0 auxilios, \u00a0 seguridad \u00a0 en\u00a0 el\u00a0 manejo de redes sociales, entre otros.<\/p>\n<\/li>\n<li dir=\"ltr\">\n<p dir=\"ltr\" role=\"presentation\">Acceso a la tecnolog\u00eda\/biblioteca virtual: Se ofrecer\u00e1n servicios de tecnolog\u00eda con acceso al internet para las gestiones necesarias para el padre, madre o cuidador y el menor.<\/p>\n<\/li>\n<li dir=\"ltr\">\n<p dir=\"ltr\" role=\"presentation\">Actividades para menores: Se ofrecer\u00e1n actividades relacionadas con el manejo de las emociones, recuperaci\u00f3n ante los desastres, lectura, m\u00fasica, movimiento, \u00e1rea de juegos tradicionales e interactivos, entre otras.<\/p>\n<\/li>\n<\/ol>\n<p dir=\"ltr\">Los servicios a recibir por los participantes, ser\u00e1n basados en las necesidades determinadas por los profesionales del Centro 2 Generaciones. Para acceder a los servicios y recibir m\u00e1s informaci\u00f3n, los interesados pueden llamar al:\u00a0 939-241-5665, en horario de 8:30 a.m. a 5:00 p.m. o visitar el Centro.<\/p>\n","protected":false},"excerpt":{"rendered":"<p>SAN JUAN &#8211; El alcalde de la ciudad capital, Miguel A. Romero Lugo, inaugur\u00f3 hoy, el nuevo Centro 2 Generaciones\u00a0 de San Juan (2 Gen), ubicado en el edificio Abelardo D\u00edaz Alfaro en la calle C\u00e1diz #1236 de Puerto Nuevo, el cual tiene el prop\u00f3sito de brindar servicios que promuevan el bienestar de las familias, [&hellip;]<\/p>\n","protected":false},"author":5,"featured_media":7889,"comment_status":"open","ping_status":"open","sticky":false,"template":"","format":"standard","meta":{"footnotes":""},"categories":[30,2],"tags":[],"class_list":{"0":"post-7887","1":"post","2":"type-post","3":"status-publish","4":"format-standard","5":"has-post-thumbnail","7":"category-educacion","8":"category-featured"},"aioseo_notices":[],"_links":{"self":[{"href":"https:\/\/wiac740.com\/index.php\/wp-json\/wp\/v2\/posts\/7887","targetHints":{"allow":["GET"]}}],"collection":[{"href":"https:\/\/wiac740.com\/index.php\/wp-json\/wp\/v2\/posts"}],"about":[{"href":"https:\/\/wiac740.com\/index.php\/wp-json\/wp\/v2\/types\/post"}],"author":[{"embeddable":true,"href":"https:\/\/wiac740.com\/index.php\/wp-json\/wp\/v2\/users\/5"}],"replies":[{"embeddable":true,"href":"https:\/\/wiac740.com\/index.php\/wp-json\/wp\/v2\/comments?post=7887"}],"version-history":[{"count":0,"href":"https:\/\/wiac740.com\/index.php\/wp-json\/wp\/v2\/posts\/7887\/revisions"}],"wp:featuredmedia":[{"embeddable":true,"href":"https:\/\/wiac740.com\/index.php\/wp-json\/wp\/v2\/media\/7889"}],"wp:attachment":[{"href":"https:\/\/wiac740.com\/index.php\/wp-json\/wp\/v2\/media?parent=7887"}],"wp:term":[{"taxonomy":"category","embeddable":true,"href":"https:\/\/wiac740.com\/index.php\/wp-json\/wp\/v2\/categories?post=7887"},{"taxonomy":"post_tag","embeddable":true,"href":"https:\/\/wiac740.com\/index.php\/wp-json\/wp\/v2\/tags?post=7887"}],"curies":[{"name":"wp","href":"https:\/\/api.w.org\/{rel}","templated":true}]}}