{"id":7891,"date":"2023-12-22T14:17:59","date_gmt":"2023-12-22T18:17:59","guid":{"rendered":"https:\/\/wiac740.com\/?p=7891"},"modified":"2023-12-22T14:17:59","modified_gmt":"2023-12-22T18:17:59","slug":"anuncian-reduccion-record-en-desempleo","status":"publish","type":"post","link":"https:\/\/wiac740.com\/index.php\/2023\/12\/22\/anuncian-reduccion-record-en-desempleo\/","title":{"rendered":"ANUNCIAN REDUCCI\u00d3N R\u00c9CORD EN DESEMPLEO"},"content":{"rendered":"<p dir=\"ltr\"><strong>SAN JUAN<\/strong> &#8211; El Departamento del Trabajo y Recursos Humanos (DTRH), en conjunto con el Negociado de Estad\u00edsticas Laborales del Departamento del Trabajo de los Estados Unidos, publicaron que la tasa de desempleo disminuy\u00f3 a 5.7% durante el mes de noviembre de 2023. La tasa de participaci\u00f3n laboral aument\u00f3 a 45%, equivalente a 4.6 puntos porcentuales m\u00e1s que en enero de 2021 y la m\u00e1s alta desde el 2009.<\/p>\n<p dir=\"ltr\">\u201cEl repunte en la actividad econ\u00f3mica es irrefutable y el mercado laboral es el mejor indicador para as\u00ed constatarlo. Cerramos el 2023 rompiendo, nuevamente, el r\u00e9cord de la tasa de desempleo m\u00e1s baja en la historia de Puerto Rico. Hablar de un 5.7% en una jurisdicci\u00f3n donde esta cifra tradicionalmente ha ubicado por encima del 10%, alcanzando n\u00fameros tan altos como 22% hace varias d\u00e9cadas atr\u00e1s, es un logro que todos debemos celebrar y un reflejo de que el gobernador, Pedro R. Pierluisi, est\u00e1 tomando las decisiones correctas en apoyo a la econom\u00eda y el bienestar de nuestros trabajadores. Con herramientas innovadoras como el nuevo Portal de Empleo y Reclutamiento para Facilitar la Integraci\u00f3n Laboral (PERFIL) que lanzamos recientemente y que funciona con inteligencia artificial, atado a la campa\u00f1a Puerto Rico Est\u00e1 Faja\u2019o y otros trabajos conducentes a una mayor diversidad, equidad e inclusi\u00f3n en el mundo del trabajo, en el DTRH estamos listos para continuar apoyando el crecimiento del mercado laboral, que actualmente tiene una participaci\u00f3n laboral de 45% y los niveles de empleo m\u00e1s altos desde el 2009, sumando 120,000 empleos adicionales de enero 2021 al presente\u201d, dijo el titular del Trabajo, Gabriel Maldonado-Gonz\u00e1lez.<\/p>\n<p dir=\"ltr\"><strong>Empleo y Desempleo<\/strong><\/p>\n<p dir=\"ltr\">Conforme a la publicaci\u00f3n de Empleo y Desempleo, que se nutre de la Encuesta de Grupo Trabajador, la tasa de desempleo, ajustada estacionalmente, se ubic\u00f3 en 5.7% para noviembre de 2023. La nueva cifra es la m\u00e1s baja en nuestra historia, con una disminuci\u00f3n de 3.3 puntos porcentuales al comparar con enero de 2021. Adem\u00e1s, representa 23 meses consecutivos con una tasa de desempleo en 6.5% o menos. Refleja una disminuci\u00f3n de 0.1 punto porcentual en comparaci\u00f3n con el mes anterior y de 0.3 punto porcentual para la misma fecha del a\u00f1o pasado.<\/p>\n<p dir=\"ltr\">Por su parte, la tasa de participaci\u00f3n laboral, no ajustada estacionalmente, para noviembre de 2023 se estim\u00f3 en 45%, la m\u00e1s alta desde el 2009 y un aumento de 4.6 puntos porcentuales al comparar con enero de 2021. Representa un aumento a raz\u00f3n de 0.4 punto porcentual respecto al mes anterior y de 0.9 punto porcentual con relaci\u00f3n a noviembre de 2022.<\/p>\n<p dir=\"ltr\">Para el mes de noviembre de 2023 el estimado del grupo trabajador, ajustado estacionalmente, fue de 1,207,000, uno de los m\u00e1s altos desde el 2012 y que suma 89,000 ciudadanos adicionales en la fuerza laboral al comparar con enero de 2021. Tambi\u00e9n representa un aumento de 9,000 personas respecto al mes anterior y de 18,000 al realizar la comparativa interanual.<\/p>\n<p dir=\"ltr\">El empleo total, ajustado estacionalmente, se fij\u00f3 en 1,138,000, el m\u00e1s alto desde 2009 y que representa 120,000 empleos adicionales a los que hab\u00eda en enero de 2021. Se trata de unos 9,000 empleados adicionales respecto al mes anterior y 21,000 m\u00e1s que los reportados en noviembre de 2022. Esta cifra incluye los trabajadores por cuenta propia, que se estimaron en 196,000 conforme a datos no ajustados estacionalmente.<\/p>\n<p dir=\"ltr\">En cuanto a personas desempleadas, ajustado estacionalmente, las estad\u00edsticas mensuales reflejaron una cifra de 69,000 personas, igual al mes pasado y una disminuci\u00f3n de 3,000 personas en comparaci\u00f3n con el a\u00f1o anterior. El n\u00famero de ciudadanos desempleados es uno de los m\u00e1s bajos en nuestra historia y representa 31,000 menos a los reportados en enero de 2021.<\/p>\n<p dir=\"ltr\"><strong>Empleo Asalariado no Agr\u00edcola<\/strong><\/p>\n<p dir=\"ltr\">Los resultados preliminares, ajustados estacionalmente, de la encuesta mensual de empleo asalariado no agr\u00edcola reflejaron un total de 958,200 empleos en noviembre de 2023, la cifra m\u00e1s alta desde el 2009, aumentando por 107,300 empleos al comparar con enero de 2021. Por otro lado, la nueva cifra constituye un aumento de 1,900 empleos al comparar con el mes pasado y de 23,100 en comparaci\u00f3n con el a\u00f1o anterior. Al igual que en meses previos, el sector de recreaci\u00f3n y alojamiento, que incluye restaurantes, hoteles y actividades relacionadas al turismo, volvi\u00f3 a romper r\u00e9cord y registr\u00f3 el nivel m\u00e1s alto en la historia. Otro sector que est\u00e1 reflejando los n\u00fameros m\u00e1s altos en la historia es el sector de la salud. Por su parte, la construcci\u00f3n registr\u00f3 el nivel de empleo m\u00e1s alto desde el 2009, reflejando el avance en el proceso de reconstrucci\u00f3n impulsado con fondos federales.<\/p>\n<p dir=\"ltr\">Al evaluar los empleos asalariados por sector industrial, destacamos las siguientes cifras preliminares:<\/p>\n<p dir=\"ltr\">-Miner\u00eda, tala y construcci\u00f3n 37,900 (+9,200 desde enero de 2021)<\/p>\n<p>&nbsp;<\/p>\n<p dir=\"ltr\">-Manufactura 83,500 (+7,700 desde enero de 2021)<\/p>\n<p>&nbsp;<\/p>\n<p dir=\"ltr\">-Comercio, transportaci\u00f3n y utilidades 187,200 (+17,600 desde enero de 2021)<\/p>\n<p>&nbsp;<\/p>\n<p dir=\"ltr\">-Informaci\u00f3n 16,500 (+1,900 desde enero de 2021)<\/p>\n<p>&nbsp;<\/p>\n<p dir=\"ltr\">-Actividades financieras 48,200 (+4,700 desde enero de 2021)<\/p>\n<p>&nbsp;<\/p>\n<p dir=\"ltr\">-Servicios profesionales y comerciales 141,400 (+18,700 desde enero de 2021)<\/p>\n<p>&nbsp;<\/p>\n<p dir=\"ltr\">-Servicios de educaci\u00f3n y salud 126,700 (+14,400 desde enero de 2021)<\/p>\n<p>&nbsp;<\/p>\n<p dir=\"ltr\">-Recreaci\u00f3n y alojamiento 96,300 (+25,900 desde enero de 2021)<\/p>\n<p>&nbsp;<\/p>\n<p dir=\"ltr\">-Otros servicios 19,300 (+2,300 desde enero de 2021)<\/p>\n<p>&nbsp;<\/p>\n<p dir=\"ltr\">-Gobierno federal, estatal y municipal 201,200 (+4,900 desde enero de 2021)<\/p>\n<p>&nbsp;<\/p>\n<p dir=\"ltr\">Para conocer m\u00e1s detalles de la Encuesta de Grupo Trabajador, Encuesta de Empleo Asalariado No Agr\u00edcola y otros estudios que realiza el DTRH, le invitamos a que acceda el portal: <a href=\"https:\/\/trabajo.pr.gov\/\">trabajo.pr.gov<\/a>.<\/p>\n","protected":false},"excerpt":{"rendered":"<p>SAN JUAN &#8211; El Departamento del Trabajo y Recursos Humanos (DTRH), en conjunto con el Negociado de Estad\u00edsticas Laborales del Departamento del Trabajo de los Estados Unidos, publicaron que la tasa de desempleo disminuy\u00f3 a 5.7% durante el mes de noviembre de 2023. La tasa de participaci\u00f3n laboral aument\u00f3 a 45%, equivalente a 4.6 puntos [&hellip;]<\/p>\n","protected":false},"author":5,"featured_media":7892,"comment_status":"open","ping_status":"open","sticky":false,"template":"","format":"standard","meta":{"footnotes":""},"categories":[2,20],"tags":[],"class_list":{"0":"post-7891","1":"post","2":"type-post","3":"status-publish","4":"format-standard","5":"has-post-thumbnail","7":"category-featured","8":"category-laborales"},"aioseo_notices":[],"_links":{"self":[{"href":"https:\/\/wiac740.com\/index.php\/wp-json\/wp\/v2\/posts\/7891","targetHints":{"allow":["GET"]}}],"collection":[{"href":"https:\/\/wiac740.com\/index.php\/wp-json\/wp\/v2\/posts"}],"about":[{"href":"https:\/\/wiac740.com\/index.php\/wp-json\/wp\/v2\/types\/post"}],"author":[{"embeddable":true,"href":"https:\/\/wiac740.com\/index.php\/wp-json\/wp\/v2\/users\/5"}],"replies":[{"embeddable":true,"href":"https:\/\/wiac740.com\/index.php\/wp-json\/wp\/v2\/comments?post=7891"}],"version-history":[{"count":0,"href":"https:\/\/wiac740.com\/index.php\/wp-json\/wp\/v2\/posts\/7891\/revisions"}],"wp:featuredmedia":[{"embeddable":true,"href":"https:\/\/wiac740.com\/index.php\/wp-json\/wp\/v2\/media\/7892"}],"wp:attachment":[{"href":"https:\/\/wiac740.com\/index.php\/wp-json\/wp\/v2\/media?parent=7891"}],"wp:term":[{"taxonomy":"category","embeddable":true,"href":"https:\/\/wiac740.com\/index.php\/wp-json\/wp\/v2\/categories?post=7891"},{"taxonomy":"post_tag","embeddable":true,"href":"https:\/\/wiac740.com\/index.php\/wp-json\/wp\/v2\/tags?post=7891"}],"curies":[{"name":"wp","href":"https:\/\/api.w.org\/{rel}","templated":true}]}}