{"id":8394,"date":"2024-09-20T18:46:18","date_gmt":"2024-09-20T22:46:18","guid":{"rendered":"https:\/\/wiac740.com\/?p=8394"},"modified":"2024-09-20T18:46:18","modified_gmt":"2024-09-20T22:46:18","slug":"establece-programa-para-aumentar-inventario-de-viviendas-de-alquiler-asequible-en-rio-piedras","status":"publish","type":"post","link":"https:\/\/wiac740.com\/index.php\/2024\/09\/20\/establece-programa-para-aumentar-inventario-de-viviendas-de-alquiler-asequible-en-rio-piedras\/","title":{"rendered":"ESTABLECE PROGRAMA PARA AUMENTAR INVENTARIO DE VIVIENDAS DE ALQUILER ASEQUIBLE EN R\u00cdO PIEDRAS"},"content":{"rendered":"<p style=\"font-weight: 400;\"><span style=\"font-family: Verdana, BlinkMacSystemFont, -apple-system, 'Segoe UI', Roboto, Oxygen, Ubuntu, Cantarell, 'Open Sans', 'Helvetica Neue', sans-serif;\"><strong>SAN JUAN<\/strong> \u2013 El alcalde de San Juan, Miguel A. Romero Lugo, anunci\u00f3 la aprobaci\u00f3n de una ordenanza municipal que establece el \u201cPrograma de Promoci\u00f3n de Opciones de Viviendas de Alquiler Asequible en R\u00edo Piedras\u201d. Esta medida tiene como objetivo hacer frente a la creciente necesidad de viviendas de alquiler a precios asequibles en el casco urbano de R\u00edo Piedras.<\/span><\/p>\n<p style=\"font-weight: 400;\">\n<p style=\"font-weight: 400;\">\u201cR\u00edo Piedras ha enfrentado muchos retos que hemos abordado de manera estrat\u00e9gica, maximizando el impacto de los recursos municipales invertidos\u201d, expres\u00f3 el alcalde Miguel Romero Lugo. \u201cCon este Programa, estamos creando oportunidades para que m\u00e1s familias y estudiantes tengan acceso a alquileres razonables, y tambi\u00e9n incentivamos la inversi\u00f3n y rehabilitaci\u00f3n de propiedades en una de las \u00e1reas m\u00e1s emblem\u00e1ticas de nuestra Ciudad Capital, R\u00edo Piedras\u201d, a\u00f1adi\u00f3 Romero Lugo.<\/p>\n<p style=\"font-weight: 400;\">\n<p style=\"font-weight: 400;\">La Ordenanza tiene como objetivo la creaci\u00f3n de viviendas de alquiler asequible mediante una serie de exenciones contributivas para aquellos propietarios que se unan al programa y cumplan con ciertos criterios de elegibilidad, en donde se destaca como requisito principal que el due\u00f1o de la propiedad rente la propiedad a precios accesibles incluyendo alquiler a estudiantes. Entre los incentivos, se incluyen exenciones del 100 % por cinco a\u00f1os en el pago de contribuciones sobre la propiedad inmueble, patentes municipales y arbitrios de construcci\u00f3n.<\/p>\n<p style=\"font-weight: 400;\">\n<p style=\"font-weight: 400;\">El \u201cPrograma de Promoci\u00f3n de Opciones de Viviendas de Alquiler Asequible en R\u00edo Piedras\u201d ser\u00e1 administrado conjuntamente por el Departamento de Finanzas Municipales y el Departamento de Vivienda del Municipio de San Juan. Este programa estar\u00e1 abierto a cualquier propietario de vivienda que cumpla con los requisitos de elegibilidad, siendo el costo de la renta uno de los factores clave. El Municipio utilizar\u00e1 como marco de referencia las gu\u00edas de renta del Programa de Vales de Elecci\u00f3n de Vivienda, com\u00fanmente conocido como Secci\u00f3n 8 tanto para arrendadores que participan del programa a nivel municipal, as\u00ed como para aquellos due\u00f1os que, aunque no participen de secci\u00f3n 8, rentan su propiedad a precios de rentas similares que los que participan en el programa.<\/p>\n<p style=\"font-weight: 400;\">\n<p style=\"font-weight: 400;\">El alcalde Romero Lugo destac\u00f3 que \u201ceste programa beneficiar\u00e1 a los residentes y estudiantes, y fomentar\u00e1 el desarrollo econ\u00f3mico, la rehabilitaci\u00f3n de estructuras en deterioro y la retenci\u00f3n de los residentes que llaman a R\u00edo Piedras su hogar. Esta iniciativa complementa otras acciones que hemos impulsado para rehabilitar R\u00edo Piedras, como los decretos de exenci\u00f3n que han revitalizado el callej\u00f3n del Carmen y parte del Paseo de Diego, el Paseo del Arte, y la microrred de energ\u00eda solar que pronto implementaremos en la Plaza de R\u00edo Piedras y el CDT Dr. Javier J. Ant\u00f3n, entre otras iniciativas\u201d.<\/p>\n<p style=\"font-weight: 400;\">\n<p style=\"font-weight: 400;\">\u201cCon esta ordenanza, damos un paso firme hacia la revitalizaci\u00f3n de R\u00edo Piedras, reafirmando nuestro compromiso de hacer de San Juan una ciudad m\u00e1s justa y equitativa para todos\u201d, concluy\u00f3 el alcalde Romero.<\/p>\n<p style=\"font-weight: 400;\">\n","protected":false},"excerpt":{"rendered":"<p>SAN JUAN \u2013 El alcalde de San Juan, Miguel A. Romero Lugo, anunci\u00f3 la aprobaci\u00f3n de una ordenanza municipal que establece el \u201cPrograma de Promoci\u00f3n de Opciones de Viviendas de Alquiler Asequible en R\u00edo Piedras\u201d. Esta medida tiene como objetivo hacer frente a la creciente necesidad de viviendas de alquiler a precios asequibles en el [&hellip;]<\/p>\n","protected":false},"author":5,"featured_media":8395,"comment_status":"closed","ping_status":"closed","sticky":false,"template":"","format":"standard","meta":{"footnotes":""},"categories":[2,9,131,129,27,40,34],"tags":[],"class_list":{"0":"post-8394","1":"post","2":"type-post","3":"status-publish","4":"format-standard","5":"has-post-thumbnail","7":"category-featured","8":"category-gobierno","9":"category-gobierno-hoy","10":"category-hoy","11":"category-lo-mas-reciente","12":"category-municipios","13":"category-vivienda"},"aioseo_notices":[],"_links":{"self":[{"href":"https:\/\/wiac740.com\/index.php\/wp-json\/wp\/v2\/posts\/8394","targetHints":{"allow":["GET"]}}],"collection":[{"href":"https:\/\/wiac740.com\/index.php\/wp-json\/wp\/v2\/posts"}],"about":[{"href":"https:\/\/wiac740.com\/index.php\/wp-json\/wp\/v2\/types\/post"}],"author":[{"embeddable":true,"href":"https:\/\/wiac740.com\/index.php\/wp-json\/wp\/v2\/users\/5"}],"replies":[{"embeddable":true,"href":"https:\/\/wiac740.com\/index.php\/wp-json\/wp\/v2\/comments?post=8394"}],"version-history":[{"count":1,"href":"https:\/\/wiac740.com\/index.php\/wp-json\/wp\/v2\/posts\/8394\/revisions"}],"predecessor-version":[{"id":8396,"href":"https:\/\/wiac740.com\/index.php\/wp-json\/wp\/v2\/posts\/8394\/revisions\/8396"}],"wp:featuredmedia":[{"embeddable":true,"href":"https:\/\/wiac740.com\/index.php\/wp-json\/wp\/v2\/media\/8395"}],"wp:attachment":[{"href":"https:\/\/wiac740.com\/index.php\/wp-json\/wp\/v2\/media?parent=8394"}],"wp:term":[{"taxonomy":"category","embeddable":true,"href":"https:\/\/wiac740.com\/index.php\/wp-json\/wp\/v2\/categories?post=8394"},{"taxonomy":"post_tag","embeddable":true,"href":"https:\/\/wiac740.com\/index.php\/wp-json\/wp\/v2\/tags?post=8394"}],"curies":[{"name":"wp","href":"https:\/\/api.w.org\/{rel}","templated":true}]}}