{"id":8789,"date":"2025-07-10T16:07:28","date_gmt":"2025-07-10T20:07:28","guid":{"rendered":"https:\/\/wiac740.com\/?p=8789"},"modified":"2025-07-10T16:07:28","modified_gmt":"2025-07-10T20:07:28","slug":"estudiantes-de-verano-visitan-el-capitolio-para-debatir-temas-sociales","status":"publish","type":"post","link":"https:\/\/wiac740.com\/index.php\/2025\/07\/10\/estudiantes-de-verano-visitan-el-capitolio-para-debatir-temas-sociales\/","title":{"rendered":"ESTUDIANTES DE VERANO VISITAN EL CAPITOLIO PARA DEBATIR TEMAS SOCIALES"},"content":{"rendered":"<p style=\"font-weight: 400;\"><span style=\"font-family: Verdana, BlinkMacSystemFont, -apple-system, 'Segoe UI', Roboto, Oxygen, Ubuntu, Cantarell, 'Open Sans', 'Helvetica Neue', sans-serif;\"><b>EL CAPITOLIO<\/b>\u00a0\u2014 El vicepresidente del Senado, Carmelo R\u00edos Santiago, llev\u00f3 a cabo el segundo debate para estudiantes de verano que laboran en el Senado donde discutieron y presentaron sus posiciones a favor y en contra de temas sociales.\u00a0\u00a0<\/span><\/p>\n<p style=\"font-weight: 400;\">\n<p style=\"font-weight: 400;\">\u201cYo quiero que ustedes se pongan d\u00f3nde est\u00e1n ustedes hoy y d\u00f3nde estaban hace dos semanas atr\u00e1s. En dos semanas ustedes han estado dispuestos a hacer <em>research,<\/em> han estado dispuestos a hacer opiniones. Ustedes tuvieron un debate, cero entrenamientos, que no fuera el inter\u00e9s de ustedes de hacer algo diferente. El verlos estudiar para prepararse los felicito\u201d, expres\u00f3 R\u00edos a los estudiantes.<\/p>\n<p style=\"font-weight: 400;\">\n<p style=\"font-weight: 400;\">El grupo de estudiantes, que trabajan durante el verano en la oficina de los senadores, tuvieron la oportunidad de debatir sobre tres temas de \u00edndole social. Entre las reglas de debate los participantes se dividieron en dos grupos; a favor y en contra de cada tema. Cada grupo present\u00f3 sus argumentos, contestaron preguntas de los senadores y posteriormente respondieron a expresiones de refutaci\u00f3n entre ambos grupos. La actividad tuvo lugar en un sal\u00f3n de vistas p\u00fablicas donde estudiantes participaron como deponentes.<\/p>\n<p style=\"font-weight: 400;\">\n<p style=\"font-weight: 400;\">Adem\u00e1s, participaron de los debates, la senadora de mayor\u00eda, Nitza Moran Trinidad, el senador de mayor\u00eda, Wilmer Reyes Berr\u00edos y el senador del Partido Popular Democr\u00e1tico, Jos\u00e9 Luis Dalmau Santiago.<\/p>\n<p style=\"font-weight: 400;\">\n<p style=\"font-weight: 400;\">El primer tema de debate, para el grupo de alrededor de 25 estudiantes presentes, fue sobre el caso de Miguel \u00c1ngel Gonz\u00e1lez Varela, de 60 a\u00f1os, un exempleado municipal, acusado por los delitos de asesinato en primer grado y por disparar o apuntar un arma de fuego contra su yerno. El equipo a favor de Gonz\u00e1lez present\u00f3 sus argumentos. La estudiante Alondra de Jes\u00fas present\u00f3 los nombres y fotos de mujeres quienes fueron privadas de la vida a causa de la violencia de g\u00e9nero. \u201cEste padre actu\u00f3 movido por el amor y la urgencia que el sistema no supo atender. Hoy, m\u00e1s que nunca, debemos reconocer que la verdadera justicia es proteger a quienes m\u00e1s lo necesitan. Gracias a Dios, hoy ella no es una cifra m\u00e1s\u201d, dijo Gonz\u00e1lez.<\/p>\n<p style=\"font-weight: 400;\"><img loading=\"lazy\" decoding=\"async\" class=\"alignnone size-full wp-image-8791\" src=\"https:\/\/wiac740.com\/wp-content\/uploads\/2025\/07\/Foto-1-Sen.-Rios-y-Moran-scaled-e1752178041202.jpeg\" alt=\"\" width=\"1200\" height=\"800\" \/><\/p>\n<p style=\"font-weight: 400;\">De otro lado, se presentaron argumentos a favor de la fiscal\u00eda. La estudiante Melanie Rodr\u00edguez, se\u00f1al\u00f3 que \u201cla claridad en la Ley castiga el asesinato y garantiza no solo un marco punitivo, sino que tambi\u00e9n sirve como herramienta preventiva esencial. Defender este art\u00edculo es defender la dignidad de las v\u00edctimas y la tranquilidad de nuestras comunidades\u201d.<\/p>\n<p style=\"font-weight: 400;\">\n<p style=\"font-weight: 400;\">El segundo tema de debate giro en torno a la Ley 60 del C\u00f3digo de Incentivos de Puerto Rico. La senadora Moran Trinidad pregunt\u00f3 a los estudiantes cu\u00e1l ser\u00eda la alternativa si se elimina la Ley 60. La estudiante Alondra Hern\u00e1ndez respondi\u00f3 que \u201csi derog\u00e1semos la Ley 60, el enfoque ser\u00eda atraer a inversionistas que inviertan en energ\u00edas, salud, j\u00f3venes empresarios y empleos locales, y complementar\u00edamos la igualdad social y contributiva\u201d.<\/p>\n<p style=\"font-weight: 400;\"><strong>\u00a0<\/strong><\/p>\n<p style=\"font-weight: 400;\">En su turno en contra de la Ley 60, el estudiante Jes\u00fas Manuel expuso que \u201csu implementaci\u00f3n ha recibido m\u00faltiples cr\u00edticas por favorecer a extranjeros adinerados, encarecer la vivienda local y facilitar el establecimiento de residencias alquiladas a corto plazo. Adem\u00e1s, se ha demostrado que no genera suficientes empleos ni actividad econ\u00f3mica como se esperaba\u201d.<\/p>\n<p style=\"font-weight: 400;\">\n<p style=\"font-weight: 400;\">El senador Dalmau Santiago pregunt\u00f3 si la compra de propiedades por extranjeros desplaza a los puertorrique\u00f1os de sus hogares. Del equipo a favor respondieron no querer que se expulsen a los de aqu\u00ed. \u201cNo se puede culpar a la Ley 60 de que los de aqu\u00ed se est\u00e1n mudando\u2026 Los inversionistas est\u00e1n comprando casas deterioradas que no se pueden usar o est\u00e1n abandonados\u201d, mencionaron.<\/p>\n<p style=\"font-weight: 400;\">\n<p style=\"font-weight: 400;\">El tercer tema cubri\u00f3 los sucesos sobre la Ley de Inmigraci\u00f3n que han ocurrido recientemente en Puerto Rico y Estados Unidos. En su turno a favor de la Ley, el estudiante Emanuel Gonz\u00e1lez sostuvo que \u201crealmente lo de Estados Unidos ha sido inclusivo en el tema de las personas ilegales viviendo en suelo americano, pero debemos entender que su estatuto migratorio ilegal no aporta ni contribuye a la estabilidad social econ\u00f3mica no tan solo en Estados Unidos ni tampoco en ning\u00fan pa\u00eds\u2026 Podr\u00edamos ser solidarios con aquellos que llegan ilegalmente, pero debemos tener una mentalidad centrada en cultivar, proteger, contribuir y estabilizar su realidad\u201d.<\/p>\n<p style=\"font-weight: 400;\">\n<p style=\"font-weight: 400;\">De otro lado, el estudiante Andrew R\u00edos, sostuvo su postura en contra de la Ley. \u201cLa deportaci\u00f3n da regulaci\u00f3n para convertirse en un mecanismo de represi\u00f3n alimentado por intereses ideol\u00f3gicos o estrategias populistas. El hecho de que individuos con estatus migratorio regular est\u00e9n siendo detenidos o removidos del pa\u00eds \u00fanicamente para satisfacer metas num\u00e9ricas representa una distorsi\u00f3n alarmante del debido proceso. Esta pr\u00e1ctica vulnera garant\u00edas constitucionales\u201d, dijo R\u00edos.<\/p>\n<p style=\"font-weight: 400;\">\n<p style=\"font-weight: 400;\">Por su parte, el senador Reyes Berr\u00edos pregunt\u00f3 en este tema c\u00f3mo creen que la ley ayuda a la seguridad sin perder los derechos humanos. El estudiante Gonz\u00e1lez quien se mostr\u00f3 a favor de la Ley dijo que \u201cLa forma es que se hace como todo proceso, es legal sin quitar derechos. Adem\u00e1s, en estos procesos de identificaci\u00f3n se han encontrado personas que son peligrosas a la sociedad y eso nos ayuda a tener un pa\u00eds m\u00e1s seguro\u201d.<\/p>\n<p style=\"font-weight: 400;\">\n<p style=\"font-weight: 400;\">En su turno, el senador R\u00edos Santiago pregunt\u00f3 si las redadas en lugares de trabajo respetan los derechos de los individuos. \u201cTodo el mundo es igual ante la Ley, solo por esos procesos de identificaci\u00f3n no significa que est\u00e1n quitando derechos\u201d, abund\u00f3 Gonz\u00e1lez. R\u00edos pregunt\u00f3 al grupo en contra de la Ley, de no estar la agencia de seguridad encargada en este tema qu\u00e9 mecanismos proponen. \u201cSe pueden tomar medidas menos dr\u00e1sticas. Las medidas que propone el presidente son unas medidas extremadamente extensas o llevadas a un nivel que verdaderamente no son humanas\u201d, respondi\u00f3 el estudiante Andrew R\u00edos.<\/p>\n","protected":false},"excerpt":{"rendered":"<p>EL CAPITOLIO\u00a0\u2014 El vicepresidente del Senado, Carmelo R\u00edos Santiago, llev\u00f3 a cabo el segundo debate para estudiantes de verano que laboran en el Senado donde discutieron y presentaron sus posiciones a favor y en contra de temas sociales.\u00a0\u00a0 \u201cYo quiero que ustedes se pongan d\u00f3nde est\u00e1n ustedes hoy y d\u00f3nde estaban hace dos semanas atr\u00e1s. [&hellip;]<\/p>\n","protected":false},"author":5,"featured_media":8790,"comment_status":"closed","ping_status":"closed","sticky":false,"template":"","format":"standard","meta":{"footnotes":""},"categories":[30,2,9,131,129,27],"tags":[],"class_list":{"0":"post-8789","1":"post","2":"type-post","3":"status-publish","4":"format-standard","5":"has-post-thumbnail","7":"category-educacion","8":"category-featured","9":"category-gobierno","10":"category-gobierno-hoy","11":"category-hoy","12":"category-lo-mas-reciente"},"aioseo_notices":[],"_links":{"self":[{"href":"https:\/\/wiac740.com\/index.php\/wp-json\/wp\/v2\/posts\/8789","targetHints":{"allow":["GET"]}}],"collection":[{"href":"https:\/\/wiac740.com\/index.php\/wp-json\/wp\/v2\/posts"}],"about":[{"href":"https:\/\/wiac740.com\/index.php\/wp-json\/wp\/v2\/types\/post"}],"author":[{"embeddable":true,"href":"https:\/\/wiac740.com\/index.php\/wp-json\/wp\/v2\/users\/5"}],"replies":[{"embeddable":true,"href":"https:\/\/wiac740.com\/index.php\/wp-json\/wp\/v2\/comments?post=8789"}],"version-history":[{"count":1,"href":"https:\/\/wiac740.com\/index.php\/wp-json\/wp\/v2\/posts\/8789\/revisions"}],"predecessor-version":[{"id":8792,"href":"https:\/\/wiac740.com\/index.php\/wp-json\/wp\/v2\/posts\/8789\/revisions\/8792"}],"wp:featuredmedia":[{"embeddable":true,"href":"https:\/\/wiac740.com\/index.php\/wp-json\/wp\/v2\/media\/8790"}],"wp:attachment":[{"href":"https:\/\/wiac740.com\/index.php\/wp-json\/wp\/v2\/media?parent=8789"}],"wp:term":[{"taxonomy":"category","embeddable":true,"href":"https:\/\/wiac740.com\/index.php\/wp-json\/wp\/v2\/categories?post=8789"},{"taxonomy":"post_tag","embeddable":true,"href":"https:\/\/wiac740.com\/index.php\/wp-json\/wp\/v2\/tags?post=8789"}],"curies":[{"name":"wp","href":"https:\/\/api.w.org\/{rel}","templated":true}]}}