{"id":8793,"date":"2025-07-10T18:04:40","date_gmt":"2025-07-10T22:04:40","guid":{"rendered":"https:\/\/wiac740.com\/?p=8793"},"modified":"2025-07-10T18:04:40","modified_gmt":"2025-07-10T22:04:40","slug":"hoteles-ofrecen-paquetes-para-fans-de-bad-bunny","status":"publish","type":"post","link":"https:\/\/wiac740.com\/index.php\/2025\/07\/10\/hoteles-ofrecen-paquetes-para-fans-de-bad-bunny\/","title":{"rendered":"HOTELES OFRECEN PAQUETES PARA FANS DE BAD BUNNY"},"content":{"rendered":"<p style=\"text-align: left;\" align=\"center\"><span style=\"font-family: Verdana, BlinkMacSystemFont, -apple-system, 'Segoe UI', Roboto, Oxygen, Ubuntu, Cantarell, 'Open Sans', 'Helvetica Neue', sans-serif;\"><strong>SAN JUAN<\/strong> \u2013 Con motivo de la esperada residencia del artista Bad Bunny en el Coliseo de Puerto Rico a partir de esta semana y hasta septiembre, la cadena puertorrique\u00f1a Hoteles Vista anunci\u00f3 disponibilidad de alojamiento en sus tres propiedades, Vista Bah\u00eda (Salinas), Vista Azul (Aguadilla) y Vista Verde (Yauco), todas bajo el modelo todo incluido y con ofertas especiales para quienes asistan al evento musical.<\/span><\/p>\n<p align=\"justify\">\u201cSabemos que la atenci\u00f3n est\u00e1 puesta en el \u00e1rea metro y norte, pero en Puerto Rico hay mucho m\u00e1s por descubrir. Esta residencia es una gran oportunidad para que peque\u00f1os y medianos comerciantes en toda la isla se beneficien demostrando todo lo que tenemos para ofrecerle a nuestros visitantes. Desde nuestros hoteles, podr\u00e1n disfrutar de la m\u00fasica, la comida y las bellezas naturales de nuestras monta\u00f1as, playas y campos\u201d, expres\u00f3\u00a0Jaime Mart\u00ednez Cintr\u00f3n, gerente general de Operaciones\u00a0de Hoteles Vista.<\/p>\n<p align=\"justify\"><img loading=\"lazy\" decoding=\"async\" class=\"alignnone size-full wp-image-8794\" src=\"https:\/\/wiac740.com\/wp-content\/uploads\/2025\/07\/Hotel-Vista-new.jpg\" alt=\"\" width=\"1200\" height=\"1600\" srcset=\"https:\/\/wiac740.com\/wp-content\/uploads\/2025\/07\/Hotel-Vista-new.jpg 1200w, https:\/\/wiac740.com\/wp-content\/uploads\/2025\/07\/Hotel-Vista-new-225x300.jpg 225w, https:\/\/wiac740.com\/wp-content\/uploads\/2025\/07\/Hotel-Vista-new-768x1024.jpg 768w, https:\/\/wiac740.com\/wp-content\/uploads\/2025\/07\/Hotel-Vista-new-1152x1536.jpg 1152w, https:\/\/wiac740.com\/wp-content\/uploads\/2025\/07\/Hotel-Vista-new-315x420.jpg 315w, https:\/\/wiac740.com\/wp-content\/uploads\/2025\/07\/Hotel-Vista-new-696x928.jpg 696w, https:\/\/wiac740.com\/wp-content\/uploads\/2025\/07\/Hotel-Vista-new-1068x1424.jpg 1068w\" sizes=\"auto, (max-width: 1200px) 100vw, 1200px\" \/><\/p>\n<p align=\"justify\">Como parte de la iniciativa, la administraci\u00f3n de la cadena hotelera trabaja en un proyecto para ofrecer\u00a0transportaci\u00f3n tipo \u201cchinchorreo\u201d desde sus instalaciones hasta el Coliseo de Puerto Rico, si el grupo de hu\u00e9spedes es razonable. Esta medida busca facilitar el acceso al evento desde otras regiones y brindar una experiencia \u00fanica a los fan\u00e1ticos.<\/p>\n<p align=\"justify\">\u201cEstamos comprometidos con que esta sea una experiencia completa que incluya concierto, estad\u00eda c\u00f3moda, actividades, comida local y un ambiente aut\u00e9nticamente boricua. A la vez que se descubre a Puerto Rico, se vive su m\u00fasica y su cultura\u201d, a\u00f1adi\u00f3 Mart\u00ednez Cintr\u00f3n.<\/p>\n<p align=\"justify\">Los hoteles Vista emplean a m\u00e1s de\u00a0300 personas en todo Puerto Rico, promoviendo el turismo interno y el desarrollo econ\u00f3mico de regiones fuera del \u00e1rea metropolitana.<\/p>\n<p align=\"justify\">\u201cInvitamos a todos los fan\u00e1ticos del Conejo Malo a mirar otras alternativas como las que ofrecemos en nuestros hoteles. La isla completa tiene algo que ofrecer\u201d, subray\u00f3 el portavoz de la cadena.<\/p>\n<p align=\"justify\">Para m\u00e1s informaci\u00f3n o reservaciones, puede visitar nuestra p\u00e1gina web: <a href=\"http:\/\/hotelesvistapr.com\/\">hotelesvistapr.com<\/a>.<\/p>\n","protected":false},"excerpt":{"rendered":"<p>SAN JUAN \u2013 Con motivo de la esperada residencia del artista Bad Bunny en el Coliseo de Puerto Rico a partir de esta semana y hasta septiembre, la cadena puertorrique\u00f1a Hoteles Vista anunci\u00f3 disponibilidad de alojamiento en sus tres propiedades, Vista Bah\u00eda (Salinas), Vista Azul (Aguadilla) y Vista Verde (Yauco), todas bajo el modelo todo [&hellip;]<\/p>\n","protected":false},"author":5,"featured_media":8795,"comment_status":"closed","ping_status":"closed","sticky":false,"template":"","format":"standard","meta":{"footnotes":""},"categories":[2,129,27,33],"tags":[],"class_list":{"0":"post-8793","1":"post","2":"type-post","3":"status-publish","4":"format-standard","5":"has-post-thumbnail","7":"category-featured","8":"category-hoy","9":"category-lo-mas-reciente","10":"category-turismo"},"aioseo_notices":[],"_links":{"self":[{"href":"https:\/\/wiac740.com\/index.php\/wp-json\/wp\/v2\/posts\/8793","targetHints":{"allow":["GET"]}}],"collection":[{"href":"https:\/\/wiac740.com\/index.php\/wp-json\/wp\/v2\/posts"}],"about":[{"href":"https:\/\/wiac740.com\/index.php\/wp-json\/wp\/v2\/types\/post"}],"author":[{"embeddable":true,"href":"https:\/\/wiac740.com\/index.php\/wp-json\/wp\/v2\/users\/5"}],"replies":[{"embeddable":true,"href":"https:\/\/wiac740.com\/index.php\/wp-json\/wp\/v2\/comments?post=8793"}],"version-history":[{"count":1,"href":"https:\/\/wiac740.com\/index.php\/wp-json\/wp\/v2\/posts\/8793\/revisions"}],"predecessor-version":[{"id":8796,"href":"https:\/\/wiac740.com\/index.php\/wp-json\/wp\/v2\/posts\/8793\/revisions\/8796"}],"wp:featuredmedia":[{"embeddable":true,"href":"https:\/\/wiac740.com\/index.php\/wp-json\/wp\/v2\/media\/8795"}],"wp:attachment":[{"href":"https:\/\/wiac740.com\/index.php\/wp-json\/wp\/v2\/media?parent=8793"}],"wp:term":[{"taxonomy":"category","embeddable":true,"href":"https:\/\/wiac740.com\/index.php\/wp-json\/wp\/v2\/categories?post=8793"},{"taxonomy":"post_tag","embeddable":true,"href":"https:\/\/wiac740.com\/index.php\/wp-json\/wp\/v2\/tags?post=8793"}],"curies":[{"name":"wp","href":"https:\/\/api.w.org\/{rel}","templated":true}]}}