{"id":8797,"date":"2025-07-10T18:13:30","date_gmt":"2025-07-10T22:13:30","guid":{"rendered":"https:\/\/wiac740.com\/?p=8797"},"modified":"2025-07-10T18:13:30","modified_gmt":"2025-07-10T22:13:30","slug":"anuncian-primera-fase-de-diseno-para-reconstruccion-puente-la-charca-en-aguas-buenas","status":"publish","type":"post","link":"https:\/\/wiac740.com\/index.php\/2025\/07\/10\/anuncian-primera-fase-de-diseno-para-reconstruccion-puente-la-charca-en-aguas-buenas\/","title":{"rendered":"ANUNCIAN PRIMERA FASE DE DISE\u00d1O PARA RECONSTRUCCI\u00d3N PUENTE LA CHARCA EN AGUAS BUENAS"},"content":{"rendered":"<p style=\"text-align: left;\" align=\"center\"><span style=\"font-family: Verdana, BlinkMacSystemFont, -apple-system, 'Segoe UI', Roboto, Oxygen, Ubuntu, Cantarell, 'Open Sans', 'Helvetica Neue', sans-serif;\"><strong>AGUAS BUENAS<\/strong>\u00a0\u2013 La alcaldesa de Aguas Buenas, Karina Nieves Serrano, anunci\u00f3 hoy que el proyecto de reconstrucci\u00f3n del Puente La Charca, ha iniciado su primera fase, con la adjudicaci\u00f3n y firma para comenzar los trabajos de dise\u00f1o y planificaci\u00f3n de la obra.<\/span><\/p>\n<p align=\"justify\">\u201cEstas son grandes noticias. Luego de identificar y anunciar hace unos meses los fondos asignados con apoyo de agencias estatales y federales, hoy podemos comunicar un paso m\u00e1s, como parte del compromiso que hab\u00edamos realizado con nuestro pueblo de tan importante obra. El proyecto de dise\u00f1o para la reconstrucci\u00f3n del Puente La Charca ya fue adjudicado. Cada proyecto que impulsamos tiene como meta atender las necesidades de todos los aguasbonenses\u201d, expres\u00f3 Nieves Serrano.<\/p>\n<p align=\"justify\"><img loading=\"lazy\" decoding=\"async\" class=\"alignnone size-full wp-image-8799\" src=\"https:\/\/wiac740.com\/wp-content\/uploads\/2025\/07\/Aguas-Buenas-Alcaldesa.jpg\" alt=\"\" width=\"1200\" height=\"800\" srcset=\"https:\/\/wiac740.com\/wp-content\/uploads\/2025\/07\/Aguas-Buenas-Alcaldesa.jpg 1200w, https:\/\/wiac740.com\/wp-content\/uploads\/2025\/07\/Aguas-Buenas-Alcaldesa-300x200.jpg 300w, https:\/\/wiac740.com\/wp-content\/uploads\/2025\/07\/Aguas-Buenas-Alcaldesa-1024x683.jpg 1024w, https:\/\/wiac740.com\/wp-content\/uploads\/2025\/07\/Aguas-Buenas-Alcaldesa-768x512.jpg 768w, https:\/\/wiac740.com\/wp-content\/uploads\/2025\/07\/Aguas-Buenas-Alcaldesa-630x420.jpg 630w, https:\/\/wiac740.com\/wp-content\/uploads\/2025\/07\/Aguas-Buenas-Alcaldesa-696x464.jpg 696w, https:\/\/wiac740.com\/wp-content\/uploads\/2025\/07\/Aguas-Buenas-Alcaldesa-1068x712.jpg 1068w\" sizes=\"auto, (max-width: 1200px) 100vw, 1200px\" \/><\/p>\n<p align=\"justify\">La firma\u00a0G. Burgos Professional C.S.P\u00a0fue seleccionada mediante el proceso de subasta p\u00fablica. La inversi\u00f3n de esta primera etapa del proyecto es de $466,034.00.Esta fase inicial permitir\u00e1 realizar los estudios t\u00e9cnicos y la planificaci\u00f3n que dar\u00e1n paso a la construcci\u00f3n de un puente moderno y resistente que fortalecer\u00e1 la seguridad vial y proteger\u00e1 a la comunidad ante los eventos de lluvias dado que la creciente del r\u00edo afecta el paso de miles de familias que quedan incomunicadas.<\/p>\n<p align=\"justify\">\u201cComenzar el dise\u00f1o de esta obra permanente que los aguasboneses han esperado por d\u00e9cadas es un gran avance. Con este nuevo proyecto seguimos accionando para transformar la infraestructura de Aguas Buenas y mejorar la vida de nuestra gente\u201d, agreg\u00f3 la alcaldesa.<\/p>\n<p align=\"justify\">Una vez finalice el proceso de dise\u00f1o, se avanzar\u00e1 a las pr\u00f3ximas etapas de construcci\u00f3n para restablecer esta v\u00eda esencial y respaldar a los vecinos que dependen de ella para sus actividades cotidianas.<\/p>\n<p align=\"justify\">Es importante destacar que el puente actual, construido hace varias d\u00e9cadas, sufre da\u00f1os recurrentes debido a las crecidas del r\u00edo Bayam\u00f3n, que provocan inundaciones severas en la zona.<\/p>\n","protected":false},"excerpt":{"rendered":"<p>AGUAS BUENAS\u00a0\u2013 La alcaldesa de Aguas Buenas, Karina Nieves Serrano, anunci\u00f3 hoy que el proyecto de reconstrucci\u00f3n del Puente La Charca, ha iniciado su primera fase, con la adjudicaci\u00f3n y firma para comenzar los trabajos de dise\u00f1o y planificaci\u00f3n de la obra. \u201cEstas son grandes noticias. Luego de identificar y anunciar hace unos meses los [&hellip;]<\/p>\n","protected":false},"author":5,"featured_media":8798,"comment_status":"closed","ping_status":"closed","sticky":false,"template":"","format":"standard","meta":{"footnotes":""},"categories":[2,9,131,129,27,40,36],"tags":[],"class_list":{"0":"post-8797","1":"post","2":"type-post","3":"status-publish","4":"format-standard","5":"has-post-thumbnail","7":"category-featured","8":"category-gobierno","9":"category-gobierno-hoy","10":"category-hoy","11":"category-lo-mas-reciente","12":"category-municipios","13":"category-transportacion"},"aioseo_notices":[],"_links":{"self":[{"href":"https:\/\/wiac740.com\/index.php\/wp-json\/wp\/v2\/posts\/8797","targetHints":{"allow":["GET"]}}],"collection":[{"href":"https:\/\/wiac740.com\/index.php\/wp-json\/wp\/v2\/posts"}],"about":[{"href":"https:\/\/wiac740.com\/index.php\/wp-json\/wp\/v2\/types\/post"}],"author":[{"embeddable":true,"href":"https:\/\/wiac740.com\/index.php\/wp-json\/wp\/v2\/users\/5"}],"replies":[{"embeddable":true,"href":"https:\/\/wiac740.com\/index.php\/wp-json\/wp\/v2\/comments?post=8797"}],"version-history":[{"count":1,"href":"https:\/\/wiac740.com\/index.php\/wp-json\/wp\/v2\/posts\/8797\/revisions"}],"predecessor-version":[{"id":8800,"href":"https:\/\/wiac740.com\/index.php\/wp-json\/wp\/v2\/posts\/8797\/revisions\/8800"}],"wp:featuredmedia":[{"embeddable":true,"href":"https:\/\/wiac740.com\/index.php\/wp-json\/wp\/v2\/media\/8798"}],"wp:attachment":[{"href":"https:\/\/wiac740.com\/index.php\/wp-json\/wp\/v2\/media?parent=8797"}],"wp:term":[{"taxonomy":"category","embeddable":true,"href":"https:\/\/wiac740.com\/index.php\/wp-json\/wp\/v2\/categories?post=8797"},{"taxonomy":"post_tag","embeddable":true,"href":"https:\/\/wiac740.com\/index.php\/wp-json\/wp\/v2\/tags?post=8797"}],"curies":[{"name":"wp","href":"https:\/\/api.w.org\/{rel}","templated":true}]}}