{"id":9041,"date":"2025-12-23T14:00:00","date_gmt":"2025-12-23T18:00:00","guid":{"rendered":"https:\/\/wiac740.com\/?p=9041"},"modified":"2025-12-23T14:00:00","modified_gmt":"2025-12-23T18:00:00","slug":"restauran-derechos-de-abuelos-y-tios","status":"publish","type":"post","link":"https:\/\/wiac740.com\/index.php\/2025\/12\/23\/restauran-derechos-de-abuelos-y-tios\/","title":{"rendered":"RESTAURAN DERECHOS DE ABUELOS Y T\u00cdOS"},"content":{"rendered":"<p style=\"font-weight: 400;\"><span style=\"font-family: Verdana, BlinkMacSystemFont, -apple-system, 'Segoe UI', Roboto, Oxygen, Ubuntu, Cantarell, 'Open Sans', 'Helvetica Neue', sans-serif;\"><b>SAN JUAN<\/b> \u2013 El Senador Carmelo R\u00edos Santiago, vicepresidente del Senado de Puerto Rico, celebra con satisfacci\u00f3n la firma por parte de la Gobernadora de Puerto Rico del Proyecto del Senado 507. Esta legislaci\u00f3n a\u00f1ade el Art\u00edculo 619A al C\u00f3digo Civil de Puerto Rico de 2020, con el prop\u00f3sito de restituir el derecho de abuelos y t\u00edos a mantener relaciones significativas con menores no emancipados, fortaleciendo as\u00ed la estructura familiar y el bienestar infantil en la isla.<\/span><\/p>\n<p style=\"font-weight: 400;\">Esta importante legislaci\u00f3n reconoce de manera expresa la legitimaci\u00f3n de abuelos y t\u00edos para comparecer ante un tribunal en casos donde los padres o tutores se opongan a la relaci\u00f3n con el menor. La ley prioriza siempre el inter\u00e9s superior del ni\u00f1o, garantizando que su bienestar y desarrollo emocional sean protegidos a trav\u00e9s de la participaci\u00f3n de estos familiares en su vida. El proyecto corrige una omisi\u00f3n en el C\u00f3digo Civil de 2020, en l\u00ednea con la jurisprudencia del Tribunal Supremo, incluyendo el caso Rexach v. Ram\u00edrez V\u00e9lez, y refuerza la pol\u00edtica p\u00fablica de protecci\u00f3n y preservaci\u00f3n de la unidad familiar.<\/p>\n<p style=\"font-weight: 400;\">Diversos estudios, como el realizado por la Universidad de Carolina del Sur en 2023, evidencian que los ni\u00f1os que mantienen relaciones cercanas con abuelos y t\u00edos desarrollan mayor resiliencia emocional, inteligencia emocional y presentan menores riesgos de sufrir depresi\u00f3n o ansiedad. En Puerto Rico, donde m\u00e1s de 81,000 menores viven con abuelos y aproximadamente 26,600 est\u00e1n bajo el cuidado de estos familiares, esta ley representa un avance significativo en la protecci\u00f3n y fortalecimiento de la red familiar extendida. Adem\u00e1s, fomenta la transmisi\u00f3n de cultura, valores e historia, contribuyendo a un desarrollo integral de los menores.<\/p>\n<p style=\"font-weight: 400;\">\u201cEsta firma representa un triunfo para la familia puertorrique\u00f1a, restaurando derechos esenciales que nutren el bienestar emocional de nuestros ni\u00f1os y honran el rol invaluable de abuelos y t\u00edos en nuestra sociedad\u201d, expres\u00f3 el Senador R\u00edos Santiago. \u201cLa omisi\u00f3n previa en el C\u00f3digo Civil contradec\u00eda nuestra tradici\u00f3n legal; hoy corregimos eso para priorizar el inter\u00e9s superior del menor y la unidad familiar\u201d, agreg\u00f3.<\/p>\n<p style=\"font-weight: 400;\">Una vez m\u00e1s reafirmamos el compromiso con la protecci\u00f3n de las familias en Puerto Rico, asegurando que continuaremos promoviendo y respaldando legislaci\u00f3n que fortalezca el n\u00facleo familiar como pilar fundamental de nuestra sociedad. Agradezco a la Gobernadora por su apoyo y a los compa\u00f1eros de C\u00e1mara y Senado por su respaldo en la aprobaci\u00f3n de esta importante ley.<\/p>\n","protected":false},"excerpt":{"rendered":"<p>SAN JUAN \u2013 El Senador Carmelo R\u00edos Santiago, vicepresidente del Senado de Puerto Rico, celebra con satisfacci\u00f3n la firma por parte de la Gobernadora de Puerto Rico del Proyecto del Senado 507. Esta legislaci\u00f3n a\u00f1ade el Art\u00edculo 619A al C\u00f3digo Civil de Puerto Rico de 2020, con el prop\u00f3sito de restituir el derecho de abuelos [&hellip;]<\/p>\n","protected":false},"author":5,"featured_media":9042,"comment_status":"closed","ping_status":"closed","sticky":false,"template":"","format":"standard","meta":{"footnotes":""},"categories":[128,2,9,131,129,27],"tags":[],"class_list":{"0":"post-9041","1":"post","2":"type-post","3":"status-publish","4":"format-standard","5":"has-post-thumbnail","7":"category-enterate-aqui","8":"category-featured","9":"category-gobierno","10":"category-gobierno-hoy","11":"category-hoy","12":"category-lo-mas-reciente"},"aioseo_notices":[],"_links":{"self":[{"href":"https:\/\/wiac740.com\/index.php\/wp-json\/wp\/v2\/posts\/9041","targetHints":{"allow":["GET"]}}],"collection":[{"href":"https:\/\/wiac740.com\/index.php\/wp-json\/wp\/v2\/posts"}],"about":[{"href":"https:\/\/wiac740.com\/index.php\/wp-json\/wp\/v2\/types\/post"}],"author":[{"embeddable":true,"href":"https:\/\/wiac740.com\/index.php\/wp-json\/wp\/v2\/users\/5"}],"replies":[{"embeddable":true,"href":"https:\/\/wiac740.com\/index.php\/wp-json\/wp\/v2\/comments?post=9041"}],"version-history":[{"count":1,"href":"https:\/\/wiac740.com\/index.php\/wp-json\/wp\/v2\/posts\/9041\/revisions"}],"predecessor-version":[{"id":9043,"href":"https:\/\/wiac740.com\/index.php\/wp-json\/wp\/v2\/posts\/9041\/revisions\/9043"}],"wp:featuredmedia":[{"embeddable":true,"href":"https:\/\/wiac740.com\/index.php\/wp-json\/wp\/v2\/media\/9042"}],"wp:attachment":[{"href":"https:\/\/wiac740.com\/index.php\/wp-json\/wp\/v2\/media?parent=9041"}],"wp:term":[{"taxonomy":"category","embeddable":true,"href":"https:\/\/wiac740.com\/index.php\/wp-json\/wp\/v2\/categories?post=9041"},{"taxonomy":"post_tag","embeddable":true,"href":"https:\/\/wiac740.com\/index.php\/wp-json\/wp\/v2\/tags?post=9041"}],"curies":[{"name":"wp","href":"https:\/\/api.w.org\/{rel}","templated":true}]}}