{"id":9144,"date":"2026-05-01T17:58:29","date_gmt":"2026-05-01T21:58:29","guid":{"rendered":"https:\/\/wiac740.com\/?p=9144"},"modified":"2026-05-01T17:58:29","modified_gmt":"2026-05-01T21:58:29","slug":"ciencias-medicas-upr-reprogramara-citas-canceladas-por-paro","status":"publish","type":"post","link":"https:\/\/wiac740.com\/index.php\/2026\/05\/01\/ciencias-medicas-upr-reprogramara-citas-canceladas-por-paro\/","title":{"rendered":"CIENCIAS M\u00c9DICAS UPR REPROGRAMAR\u00c1 CITAS CANCELADAS POR PARO"},"content":{"rendered":"<section class=\"text-token-text-primary w-full focus:outline-none [--shadow-height:45px] has-data-writing-block:pointer-events-none has-data-writing-block:-mt-(--shadow-height) has-data-writing-block:pt-(--shadow-height) [&amp;:has([data-writing-block])&gt;*]:pointer-events-auto [content-visibility:auto] supports-[content-visibility:auto]:[contain-intrinsic-size:auto_100lvh] R6Vx5W_threadScrollVars scroll-mb-[calc(var(--scroll-root-safe-area-inset-bottom,0px)+var(--thread-response-height))] scroll-mt-[calc(var(--header-height)+min(200px,max(70px,20svh)))]\" dir=\"auto\" data-turn-id=\"request-WEB:a0b74012-e241-4ba5-8e7b-fd61e340c5f7-4\" data-testid=\"conversation-turn-2\" data-scroll-anchor=\"false\" data-turn=\"assistant\">\n<div class=\"text-base my-auto mx-auto pb-10 [--thread-content-margin:var(--thread-content-margin-xs,calc(var(--spacing)*4))] @w-sm\/main:[--thread-content-margin:var(--thread-content-margin-sm,calc(var(--spacing)*6))] @w-lg\/main:[--thread-content-margin:var(--thread-content-margin-lg,calc(var(--spacing)*16))] px-(--thread-content-margin)\">\n<div class=\"[--thread-content-max-width:40rem] @w-lg\/main:[--thread-content-max-width:48rem] mx-auto max-w-(--thread-content-max-width) flex-1 group\/turn-messages focus-visible:outline-hidden relative flex w-full min-w-0 flex-col agent-turn\">\n<div class=\"flex max-w-full flex-col gap-4 grow\">\n<div class=\"min-h-8 text-message relative flex w-full flex-col items-end gap-2 text-start break-words whitespace-normal outline-none keyboard-focused:focus-ring [.text-message+&amp;]:mt-1\" dir=\"auto\" tabindex=\"0\" data-message-author-role=\"assistant\" data-message-id=\"dbf0c2a7-3075-4144-b1f0-2f8841d1ad35\" data-message-model-slug=\"gpt-5-5-thinking\" data-turn-start-message=\"true\">\n<div class=\"flex w-full flex-col gap-1 empty:hidden\">\n<div class=\"markdown prose dark:prose-invert w-full wrap-break-word light markdown-new-styling\">\n<p data-start=\"364\" data-end=\"582\">El Recinto de Ciencias M\u00e9dicas de la Universidad de Puerto Rico (RCM-UPR) inform\u00f3 que las citas en sus cl\u00ednicas de salud programadas para este lunes, 4 de mayo, quedan canceladas debido al paro anunciado.<\/p>\n<p data-start=\"584\" data-end=\"847\">El personal de las cl\u00ednicas se comunicar\u00e1 con los pacientes afectados para reprogramar sus citas. Asimismo, se exhort\u00f3 a las personas con citas pautadas para el martes, 5 de mayo, a mantenerse atentas a los comunicados oficiales del RCM-UPR ante cualquier cambio.<\/p>\n<p data-start=\"849\" data-end=\"1246\">Las cl\u00ednicas afectadas son el Plan de Pr\u00e1ctica M\u00e9dica Intramural (PPMI), ubicado en el centro comercial Reparto Metropolitano; la Cl\u00ednica de la Escuela de Medicina Dental y la Cl\u00ednica de Psiquiatr\u00eda, localizadas en el edificio Dr. Guillermo Arbona del recinto; y el Proyecto Interdisciplinario de Excelencia en Servicios (PIES), en el edificio de la Escuela de Profesiones de la Salud del RCM-UPR.<\/p>\n<p data-start=\"1248\" data-end=\"1371\">El RCM-UPR exhort\u00f3 a la ciudadan\u00eda a mantenerse informada a trav\u00e9s de sus redes sociales oficiales en Facebook e Instagram.<\/p>\n<p>&nbsp;<\/p>\n<\/div>\n<\/div>\n<\/div>\n<\/div>\n<div class=\"z-0 flex min-h-[46px] justify-start\"><\/div>\n<div class=\"mt-3 w-full empty:hidden\">\n<div class=\"text-center\"><\/div>\n<\/div>\n<\/div>\n<\/div>\n<\/section>\n<div class=\"pointer-events-none -mt-px h-px translate-y-[calc(var(--scroll-root-safe-area-inset-bottom)-14*var(--spacing))]\" aria-hidden=\"true\"><\/div>\n","protected":false},"excerpt":{"rendered":"<p>El Recinto de Ciencias M\u00e9dicas de la Universidad de Puerto Rico (RCM-UPR) inform\u00f3 que las citas en sus cl\u00ednicas de salud programadas para este lunes, 4 de mayo, quedan canceladas debido al paro anunciado. El personal de las cl\u00ednicas se comunicar\u00e1 con los pacientes afectados para reprogramar sus citas. Asimismo, se exhort\u00f3 a las personas [&hellip;]<\/p>\n","protected":false},"author":1,"featured_media":9145,"comment_status":"closed","ping_status":"closed","sticky":false,"template":"","format":"standard","meta":{"footnotes":""},"categories":[30,2,129,27,22],"tags":[],"class_list":{"0":"post-9144","1":"post","2":"type-post","3":"status-publish","4":"format-standard","5":"has-post-thumbnail","7":"category-educacion","8":"category-featured","9":"category-hoy","10":"category-lo-mas-reciente","11":"category-salud"},"aioseo_notices":[],"_links":{"self":[{"href":"https:\/\/wiac740.com\/index.php\/wp-json\/wp\/v2\/posts\/9144","targetHints":{"allow":["GET"]}}],"collection":[{"href":"https:\/\/wiac740.com\/index.php\/wp-json\/wp\/v2\/posts"}],"about":[{"href":"https:\/\/wiac740.com\/index.php\/wp-json\/wp\/v2\/types\/post"}],"author":[{"embeddable":true,"href":"https:\/\/wiac740.com\/index.php\/wp-json\/wp\/v2\/users\/1"}],"replies":[{"embeddable":true,"href":"https:\/\/wiac740.com\/index.php\/wp-json\/wp\/v2\/comments?post=9144"}],"version-history":[{"count":1,"href":"https:\/\/wiac740.com\/index.php\/wp-json\/wp\/v2\/posts\/9144\/revisions"}],"predecessor-version":[{"id":9146,"href":"https:\/\/wiac740.com\/index.php\/wp-json\/wp\/v2\/posts\/9144\/revisions\/9146"}],"wp:featuredmedia":[{"embeddable":true,"href":"https:\/\/wiac740.com\/index.php\/wp-json\/wp\/v2\/media\/9145"}],"wp:attachment":[{"href":"https:\/\/wiac740.com\/index.php\/wp-json\/wp\/v2\/media?parent=9144"}],"wp:term":[{"taxonomy":"category","embeddable":true,"href":"https:\/\/wiac740.com\/index.php\/wp-json\/wp\/v2\/categories?post=9144"},{"taxonomy":"post_tag","embeddable":true,"href":"https:\/\/wiac740.com\/index.php\/wp-json\/wp\/v2\/tags?post=9144"}],"curies":[{"name":"wp","href":"https:\/\/api.w.org\/{rel}","templated":true}]}}