{"id":9335,"date":"2026-09-06T10:16:58","date_gmt":"2026-09-06T14:16:58","guid":{"rendered":"https:\/\/wiac740.com\/?p=9335"},"modified":"2026-09-06T10:16:58","modified_gmt":"2026-09-06T14:16:58","slug":"recargar-para-cuidar-aborda-bienestar-de-promotores-de-salud-comunitaria","status":"publish","type":"post","link":"https:\/\/wiac740.com\/index.php\/2026\/09\/06\/recargar-para-cuidar-aborda-bienestar-de-promotores-de-salud-comunitaria\/","title":{"rendered":"\u201cRECARGAR PARA CUIDAR\u201d ABORDA BIENESTAR DE PROMOTORES DE SALUD COMUNITARIA"},"content":{"rendered":"<p>El Instituto de Salud P\u00fablica de Puerto Rico, programa adscrito al Fideicomiso para Ciencia, Tecnolog\u00eda e Investigaci\u00f3n de Puerto Rico, celebr\u00f3 \u201cRecargar para Cuidar\u201d, un encuentro dirigido a promotores y promotoras de salud comunitaria para abordar temas relacionados con el bienestar y el manejo del estr\u00e9s.<\/p>\n<p>La actividad tuvo como prop\u00f3sito ofrecer herramientas pr\u00e1cticas para el autocuidado y el manejo del estr\u00e9s a profesionales que trabajan en \u00e1reas de prevenci\u00f3n, educaci\u00f3n y acompa\u00f1amiento comunitario.<\/p>\n<p>Durante el encuentro, la Dra. Irma Torres destac\u00f3 la incorporaci\u00f3n de peque\u00f1os cambios y estrategias pr\u00e1cticas para manejar el estr\u00e9s y priorizar el bienestar personal.<\/p>\n<p>La actividad tambi\u00e9n incluy\u00f3 espacios de aprendizaje, reflexi\u00f3n y reconocimiento a la labor de los promotores y promotoras de salud comunitaria.<\/p>\n<p>El Instituto de Salud P\u00fablica de Puerto Rico inform\u00f3 que continuar\u00e1 desarrollando iniciativas dirigidas al bienestar de estos profesionales como parte de sus esfuerzos relacionados con la salud p\u00fablica en Puerto Rico.<\/p>\n","protected":false},"excerpt":{"rendered":"<p>El Instituto de Salud P\u00fablica de Puerto Rico, programa adscrito al Fideicomiso para Ciencia, Tecnolog\u00eda e Investigaci\u00f3n de Puerto Rico, celebr\u00f3 \u201cRecargar para Cuidar\u201d, un encuentro dirigido a promotores y promotoras de salud comunitaria para abordar temas relacionados con el bienestar y el manejo del estr\u00e9s. La actividad tuvo como prop\u00f3sito ofrecer herramientas pr\u00e1cticas para [&hellip;]<\/p>\n","protected":false},"author":5,"featured_media":9336,"comment_status":"closed","ping_status":"closed","sticky":false,"template":"","format":"standard","meta":{"footnotes":""},"categories":[128,2,129,27,22],"tags":[],"class_list":{"0":"post-9335","1":"post","2":"type-post","3":"status-publish","4":"format-standard","5":"has-post-thumbnail","7":"category-enterate-aqui","8":"category-featured","9":"category-hoy","10":"category-lo-mas-reciente","11":"category-salud"},"aioseo_notices":[],"_links":{"self":[{"href":"https:\/\/wiac740.com\/index.php\/wp-json\/wp\/v2\/posts\/9335","targetHints":{"allow":["GET"]}}],"collection":[{"href":"https:\/\/wiac740.com\/index.php\/wp-json\/wp\/v2\/posts"}],"about":[{"href":"https:\/\/wiac740.com\/index.php\/wp-json\/wp\/v2\/types\/post"}],"author":[{"embeddable":true,"href":"https:\/\/wiac740.com\/index.php\/wp-json\/wp\/v2\/users\/5"}],"replies":[{"embeddable":true,"href":"https:\/\/wiac740.com\/index.php\/wp-json\/wp\/v2\/comments?post=9335"}],"version-history":[{"count":1,"href":"https:\/\/wiac740.com\/index.php\/wp-json\/wp\/v2\/posts\/9335\/revisions"}],"predecessor-version":[{"id":9337,"href":"https:\/\/wiac740.com\/index.php\/wp-json\/wp\/v2\/posts\/9335\/revisions\/9337"}],"wp:featuredmedia":[{"embeddable":true,"href":"https:\/\/wiac740.com\/index.php\/wp-json\/wp\/v2\/media\/9336"}],"wp:attachment":[{"href":"https:\/\/wiac740.com\/index.php\/wp-json\/wp\/v2\/media?parent=9335"}],"wp:term":[{"taxonomy":"category","embeddable":true,"href":"https:\/\/wiac740.com\/index.php\/wp-json\/wp\/v2\/categories?post=9335"},{"taxonomy":"post_tag","embeddable":true,"href":"https:\/\/wiac740.com\/index.php\/wp-json\/wp\/v2\/tags?post=9335"}],"curies":[{"name":"wp","href":"https:\/\/api.w.org\/{rel}","templated":true}]}}